{"id":3618,"date":"2019-06-27T09:46:08","date_gmt":"2019-06-27T09:46:08","guid":{"rendered":"http:\/\/staging.visalpin.ro\/index.php\/2019\/06\/27\/statiunea-belis-locul-perfect-pentru-o-vacanta-de-vara\/"},"modified":"2022-12-20T16:10:52","modified_gmt":"2022-12-20T16:10:52","slug":"statiunea-belis-locul-perfect-pentru-o-vacanta-de-vara","status":"publish","type":"post","link":"https:\/\/visalpin.ro\/index.php\/2019\/06\/27\/statiunea-belis-locul-perfect-pentru-o-vacanta-de-vara\/","title":{"rendered":"Statiunea Beli\u0219, locul perfect pentru o vacan\u021b\u0103 de var\u0103"},"content":{"rendered":"<p>Statiunea Beli\u0219 se situeaz\u0103 pe malul lacului de acumulare F\u00e2nt\u00e2nele-Beli\u0219 \u0219i reprezint\u0103 alegerea excelent\u0103 pentru oamenii ce iubesc natura \u0219i sporturile. Pescuitul sportiv, excursiile cu bicicleta, mountain bikingul, schi-ul nautic, plimbarea pe lac cu barca cu v\u00e2sle, c\u00e2t \u0219i plimbarea cu barca cu motor sunt doar o parte din activit\u0103\u021bile ce trateaz\u0103 garantat surmenajul psihic \u0219i intelectual, nevrozele astenice sau pur \u0219i simplu, plictiseala. \u00cen locul unde se situaz\u0103 comuna se \u00eentalnesc Muntii Gilaului cu Muntii Bihor-Vladeasa. \u00cempreuna, aceste dou\u0103 elemente ofer\u0103 priveli\u0219tea unui baraj hidrografic magnific, ce \u00ee\u021bi bucur\u0103 privirea.<\/p>\n<p>Plec\u00e2nd din Cluj-Napoca, sunt de parcurs 63 de km p\u00e2n\u0103 la Lacul Beli\u0219, distan\u021b\u0103 care se poate acoperi \u00een aproximativ o or\u0103. Traseul merge de la ie\u0219irea din Cluj spre Oradea, pe E60, \u0219i traverseaz\u0103 , Gil\u0103u, C\u0103pu\u0219u Mare. Dup\u0103 aceasta din urm\u0103, traseul p\u0103r\u0103se\u0219te E60 \u0219i face st\u00e2nga pe 108C, spre localitatea M\u0103n\u0103stireni, de unde se intr\u0103 pe 103C. Continu\u00e2nd astfel, dup\u0103 R\u00e2\u0219ca, drumul ajunge \u00een Beli\u0219. Acesta este locul perfect pentru un weekend \u00een care dori\u021bi s\u0103 v\u0103 relaxa\u021bi sau pentru o ie\u0219ire cu familia din ora\u0219ul zgomotos. Av\u00e2nd o \u00eenc\u0103rc\u0103tur\u0103 istoric\u0103 puternic\u0103 o s\u0103 v\u0103 cucereasc\u0103 iar fo\u0219netul frunzelor din p\u0103dure o s\u0103 v\u0103 induc\u0103 o stare de lini\u0219te.<\/p>\n<p>Dac\u0103 sunte\u021bi pasionat de istorie \u0219i \u00een acela\u0219i timp, preg\u0103tit s\u0103 \u00eencerca\u021bi lucruri noi, scufundarea \u00een <a href=\"https:\/\/visalpin.ro\/2018\/06\/04\/barca-cu-motor-de-mare-viteza-40-cp\/\">Lacul Belis<\/a> pare a fi o alternativ\u0103 placuta de petrecere a timpului liber pentru dumneavoastra. \u00cen trecut, c\u0103sutele din sat au fost mutate \u00eentrucat pe vechea vatra s-a construit un baraj hidrografic. Singura cl\u0103dire care a r\u0103mas acolo este biserica satului, a c\u0103rei ruine \u00eenca se mai pot observa ie\u021bind din ap\u0103, \u00een zilele extrem de secetoase de var\u0103. In zilele calde, dar totu\u0219i lipsite de secet\u0103, scufundarea \u00een lac ofer\u0103 turi\u0219tilor o oarecare doz\u0103 de mister, ace\u0219tia av\u00e2nd posibilitatea de a admira unica construc\u021bie ce nu a fost mutat\u0103 din \u201cvechiul sat\u201d, o biseric\u0103 ce dateaz\u0103 \u00eenc\u0103 din secolul al IV-lea.<\/p>\n<p>Sunt o mul\u021bime de locuri de cazare potrivite pentru toate buzunarele \u0219i nevoile. Restaurantele ofer\u0103 o gam\u0103 larg\u0103 de produse \u0219i delicatese al\u0103tuti de un decor care o s\u0103 te surprind\u0103. Dar adev\u0103ratul motiv pentru care vi la Belis-F\u00e2nt\u00e2nele este natura. Este locul perfect pentru turi\u0219tii care au nevoie de o gur\u0103 de aer curat, s\u0103 uite de zgomotul ora\u0219ului, \u00eenconjura\u021bi de ap\u0103 cristalin\u0103, brazi m\u0103re\u021bi, adieri \u00eembietoare ale v\u00e2ntului \u0219i lini\u0219te. Agrementul Beli\u0219 este un col\u021b de rai, aflat la grani\u021ba dintre istoria \u021b\u0103ranilor alunga\u021bi din casele lor \u0219i frumuse\u021bea oferit\u0103 de mun\u021bii care \u00eel \u00eenconjoar\u0103, lac \u0219i marile p\u0103duri.<\/p>\n<p><img loading=\"lazy\" decoding=\"async\" class=\"alignnone size-full wp-image-5994\" src=\"http:\/\/visalpin.ro\/wp-content\/uploads\/2018\/05\/123-2.jpg\" alt=\"pestera muntii apuseni\" width=\"770\" height=\"346\" \/><\/p>\n<p>Dac\u0103 inten\u021bionezi s\u0103 stai c\u00e2teva zile \u00een acest col\u021b de rai, po\u021bi lua \u00een calcul \u0219i vizitarea unora dintre urm\u0103toarele obiective turistice din apropiere pentru a duce experie\u021ba ta la un alt nivel:\u00a0<strong>Biserica fortificat\u0103 de la V\u0103leni, Poiana Florilor, Cet\u0103\u021bile Radesei, Pe\u0219tera Ur\u0219ilor, Pe\u0219tera Alunu, Cheile Some\u0219ului Cald, Pe\u0219tera Zmeilor, Bradul lui Horea din P\u0103durea Scoruset sau Pe\u0219tera Piatra Ponorului.<\/strong><\/p>\n<p>Toate acestea fac ca <a href=\"https:\/\/visalpin.ro\/\">sta\u021biunea Beli\u0219<\/a> s\u0103 fie perfect\u0103 pentru o vacan\u021b\u0103 de var\u0103 al\u0103turi de familia sau prietnii t\u0103i. O vacan\u021b\u0103 de var\u0103 pe care cu sigura\u021b\u0103 nu o vei uita degrab\u0103, aerul unic al locului r\u0103m\u00e2n\u00e2ndu-\u021bi \u00eempregnat \u00een suflet.<\/p>\n<p>&nbsp;<\/p>\n","protected":false},"excerpt":{"rendered":"<p>Statiunea Beli\u0219 se situeaz\u0103 pe malul lacului de acumulare F\u00e2nt\u00e2nele-Beli\u0219 \u0219i reprezint\u0103 alegerea excelent\u0103 pentru oamenii ce iubesc natura \u0219i sporturile. Pescuitul sportiv, excursiile cu bicicleta, mountain bikingul, schi-ul nautic, plimbarea pe lac cu barca cu v\u00e2sle, c\u00e2t \u0219i plimbarea cu barca cu motor sunt doar o parte din activit\u0103\u021bile ce trateaz\u0103 garantat surmenajul psihic...<\/p>\n","protected":false},"author":1,"featured_media":3301,"comment_status":"closed","ping_status":"open","sticky":false,"template":"","format":"standard","meta":{"footnotes":""},"categories":[9],"tags":[],"class_list":["post-3618","post","type-post","status-publish","format-standard","has-post-thumbnail","hentry","category-blog"],"yoast_head":"<!-- This site is optimized with the Yoast SEO plugin v25.3.1 - https:\/\/yoast.com\/wordpress\/plugins\/seo\/ -->\n<title>Statiunea Beli\u0219, locul perfect pentru o vacan\u021b\u0103 de var\u0103 - Pensiunea Vis Alpin Belis<\/title>\n<meta name=\"robots\" content=\"index, follow, max-snippet:-1, max-image-preview:large, max-video-preview:-1\" \/>\n<link rel=\"canonical\" href=\"https:\/\/visalpin.ro\/index.php\/2019\/06\/27\/statiunea-belis-locul-perfect-pentru-o-vacanta-de-vara\/\" \/>\n<meta property=\"og:locale\" content=\"ro_RO\" \/>\n<meta property=\"og:type\" content=\"article\" \/>\n<meta property=\"og:title\" content=\"Statiunea Beli\u0219, locul perfect pentru o vacan\u021b\u0103 de var\u0103 - Pensiunea Vis Alpin Belis\" \/>\n<meta property=\"og:description\" content=\"Statiunea Beli\u0219 se situeaz\u0103 pe malul lacului de acumulare F\u00e2nt\u00e2nele-Beli\u0219 \u0219i reprezint\u0103 alegerea excelent\u0103 pentru oamenii ce iubesc natura \u0219i sporturile. Pescuitul sportiv, excursiile cu bicicleta, mountain bikingul, schi-ul nautic, plimbarea pe lac cu barca cu v\u00e2sle, c\u00e2t \u0219i plimbarea cu barca cu motor sunt doar o parte din activit\u0103\u021bile ce trateaz\u0103 garantat surmenajul psihic...\" \/>\n<meta property=\"og:url\" content=\"https:\/\/visalpin.ro\/index.php\/2019\/06\/27\/statiunea-belis-locul-perfect-pentru-o-vacanta-de-vara\/\" \/>\n<meta property=\"og:site_name\" content=\"Pensiunea Vis Alpin Belis\" \/>\n<meta property=\"article:publisher\" content=\"https:\/\/www.facebook.com\/pensiunebelis.ro\" \/>\n<meta property=\"article:published_time\" content=\"2019-06-27T09:46:08+00:00\" \/>\n<meta property=\"article:modified_time\" content=\"2022-12-20T16:10:52+00:00\" \/>\n<meta property=\"og:image\" content=\"https:\/\/visalpin.ro\/wp-content\/uploads\/2020\/05\/sezloange-2-1.jpg\" \/>\n\t<meta property=\"og:image:width\" content=\"770\" \/>\n\t<meta property=\"og:image:height\" content=\"346\" \/>\n\t<meta property=\"og:image:type\" content=\"image\/jpeg\" \/>\n<meta name=\"author\" content=\"visalpin\" \/>\n<meta name=\"twitter:card\" content=\"summary_large_image\" \/>\n<meta name=\"twitter:creator\" content=\"@vis_alpin\" \/>\n<meta name=\"twitter:site\" content=\"@vis_alpin\" \/>\n<meta name=\"twitter:label1\" content=\"Scris de\" \/>\n\t<meta name=\"twitter:data1\" content=\"visalpin\" \/>\n\t<meta name=\"twitter:label2\" content=\"Timp estimat pentru citire\" \/>\n\t<meta name=\"twitter:data2\" content=\"3 minute\" \/>\n<script type=\"application\/ld+json\" class=\"yoast-schema-graph\">{\"@context\":\"https:\/\/schema.org\",\"@graph\":[{\"@type\":\"Article\",\"@id\":\"https:\/\/visalpin.ro\/index.php\/2019\/06\/27\/statiunea-belis-locul-perfect-pentru-o-vacanta-de-vara\/#article\",\"isPartOf\":{\"@id\":\"https:\/\/visalpin.ro\/index.php\/2019\/06\/27\/statiunea-belis-locul-perfect-pentru-o-vacanta-de-vara\/\"},\"author\":{\"name\":\"visalpin\",\"@id\":\"https:\/\/visalpin.ro\/#\/schema\/person\/07c32a6683fc824a01c4b6edefce42ee\"},\"headline\":\"Statiunea Beli\u0219, locul perfect pentru o vacan\u021b\u0103 de var\u0103\",\"datePublished\":\"2019-06-27T09:46:08+00:00\",\"dateModified\":\"2022-12-20T16:10:52+00:00\",\"mainEntityOfPage\":{\"@id\":\"https:\/\/visalpin.ro\/index.php\/2019\/06\/27\/statiunea-belis-locul-perfect-pentru-o-vacanta-de-vara\/\"},\"wordCount\":614,\"publisher\":{\"@id\":\"https:\/\/visalpin.ro\/#organization\"},\"image\":{\"@id\":\"https:\/\/visalpin.ro\/index.php\/2019\/06\/27\/statiunea-belis-locul-perfect-pentru-o-vacanta-de-vara\/#primaryimage\"},\"thumbnailUrl\":\"https:\/\/visalpin.ro\/wp-content\/uploads\/2020\/05\/sezloange-2-1.jpg\",\"articleSection\":[\"Blog\"],\"inLanguage\":\"ro-RO\"},{\"@type\":\"WebPage\",\"@id\":\"https:\/\/visalpin.ro\/index.php\/2019\/06\/27\/statiunea-belis-locul-perfect-pentru-o-vacanta-de-vara\/\",\"url\":\"https:\/\/visalpin.ro\/index.php\/2019\/06\/27\/statiunea-belis-locul-perfect-pentru-o-vacanta-de-vara\/\",\"name\":\"Statiunea Beli\u0219, locul perfect pentru o vacan\u021b\u0103 de var\u0103 - Pensiunea Vis Alpin Belis\",\"isPartOf\":{\"@id\":\"https:\/\/visalpin.ro\/#website\"},\"primaryImageOfPage\":{\"@id\":\"https:\/\/visalpin.ro\/index.php\/2019\/06\/27\/statiunea-belis-locul-perfect-pentru-o-vacanta-de-vara\/#primaryimage\"},\"image\":{\"@id\":\"https:\/\/visalpin.ro\/index.php\/2019\/06\/27\/statiunea-belis-locul-perfect-pentru-o-vacanta-de-vara\/#primaryimage\"},\"thumbnailUrl\":\"https:\/\/visalpin.ro\/wp-content\/uploads\/2020\/05\/sezloange-2-1.jpg\",\"datePublished\":\"2019-06-27T09:46:08+00:00\",\"dateModified\":\"2022-12-20T16:10:52+00:00\",\"breadcrumb\":{\"@id\":\"https:\/\/visalpin.ro\/index.php\/2019\/06\/27\/statiunea-belis-locul-perfect-pentru-o-vacanta-de-vara\/#breadcrumb\"},\"inLanguage\":\"ro-RO\",\"potentialAction\":[{\"@type\":\"ReadAction\",\"target\":[\"https:\/\/visalpin.ro\/index.php\/2019\/06\/27\/statiunea-belis-locul-perfect-pentru-o-vacanta-de-vara\/\"]}]},{\"@type\":\"ImageObject\",\"inLanguage\":\"ro-RO\",\"@id\":\"https:\/\/visalpin.ro\/index.php\/2019\/06\/27\/statiunea-belis-locul-perfect-pentru-o-vacanta-de-vara\/#primaryimage\",\"url\":\"https:\/\/visalpin.ro\/wp-content\/uploads\/2020\/05\/sezloange-2-1.jpg\",\"contentUrl\":\"https:\/\/visalpin.ro\/wp-content\/uploads\/2020\/05\/sezloange-2-1.jpg\",\"width\":770,\"height\":346},{\"@type\":\"BreadcrumbList\",\"@id\":\"https:\/\/visalpin.ro\/index.php\/2019\/06\/27\/statiunea-belis-locul-perfect-pentru-o-vacanta-de-vara\/#breadcrumb\",\"itemListElement\":[{\"@type\":\"ListItem\",\"position\":1,\"name\":\"Prima pagin\u0103\",\"item\":\"https:\/\/visalpin.ro\/\"},{\"@type\":\"ListItem\",\"position\":2,\"name\":\"Statiunea Beli\u0219, locul perfect pentru o vacan\u021b\u0103 de var\u0103\"}]},{\"@type\":\"WebSite\",\"@id\":\"https:\/\/visalpin.ro\/#website\",\"url\":\"https:\/\/visalpin.ro\/\",\"name\":\"Pensiunea Vis Alpin Belis\",\"description\":\"\",\"publisher\":{\"@id\":\"https:\/\/visalpin.ro\/#organization\"},\"potentialAction\":[{\"@type\":\"SearchAction\",\"target\":{\"@type\":\"EntryPoint\",\"urlTemplate\":\"https:\/\/visalpin.ro\/?s={search_term_string}\"},\"query-input\":{\"@type\":\"PropertyValueSpecification\",\"valueRequired\":true,\"valueName\":\"search_term_string\"}}],\"inLanguage\":\"ro-RO\"},{\"@type\":\"Organization\",\"@id\":\"https:\/\/visalpin.ro\/#organization\",\"name\":\"Pensiunea Vis Alpin Belis\",\"url\":\"https:\/\/visalpin.ro\/\",\"logo\":{\"@type\":\"ImageObject\",\"inLanguage\":\"ro-RO\",\"@id\":\"https:\/\/visalpin.ro\/#\/schema\/logo\/image\/\",\"url\":\"https:\/\/visalpin.ro\/wp-content\/uploads\/2020\/05\/logo-pensiunea-alpin-c9_Vis-BT2-antet.png\",\"contentUrl\":\"https:\/\/visalpin.ro\/wp-content\/uploads\/2020\/05\/logo-pensiunea-alpin-c9_Vis-BT2-antet.png\",\"width\":3308,\"height\":1437,\"caption\":\"Pensiunea Vis Alpin Belis\"},\"image\":{\"@id\":\"https:\/\/visalpin.ro\/#\/schema\/logo\/image\/\"},\"sameAs\":[\"https:\/\/www.facebook.com\/pensiunebelis.ro\",\"https:\/\/x.com\/vis_alpin\",\"https:\/\/www.instagram.com\/vis.alpin\/\",\"https:\/\/www.youtube.com\/channel\/UC9ww565y7GPfXiIYRwDR1Nw\"]},{\"@type\":\"Person\",\"@id\":\"https:\/\/visalpin.ro\/#\/schema\/person\/07c32a6683fc824a01c4b6edefce42ee\",\"name\":\"visalpin\",\"image\":{\"@type\":\"ImageObject\",\"inLanguage\":\"ro-RO\",\"@id\":\"https:\/\/visalpin.ro\/#\/schema\/person\/image\/\",\"url\":\"https:\/\/secure.gravatar.com\/avatar\/70e3b840b053414e248589d188a35f5a?s=96&d=mm&r=g\",\"contentUrl\":\"https:\/\/secure.gravatar.com\/avatar\/70e3b840b053414e248589d188a35f5a?s=96&d=mm&r=g\",\"caption\":\"visalpin\"},\"sameAs\":[\"https:\/\/visalpin.ro\"]}]}<\/script>\n<!-- \/ Yoast SEO plugin. -->","yoast_head_json":{"title":"Statiunea Beli\u0219, locul perfect pentru o vacan\u021b\u0103 de var\u0103 - Pensiunea Vis Alpin Belis","robots":{"index":"index","follow":"follow","max-snippet":"max-snippet:-1","max-image-preview":"max-image-preview:large","max-video-preview":"max-video-preview:-1"},"canonical":"https:\/\/visalpin.ro\/index.php\/2019\/06\/27\/statiunea-belis-locul-perfect-pentru-o-vacanta-de-vara\/","og_locale":"ro_RO","og_type":"article","og_title":"Statiunea Beli\u0219, locul perfect pentru o vacan\u021b\u0103 de var\u0103 - Pensiunea Vis Alpin Belis","og_description":"Statiunea Beli\u0219 se situeaz\u0103 pe malul lacului de acumulare F\u00e2nt\u00e2nele-Beli\u0219 \u0219i reprezint\u0103 alegerea excelent\u0103 pentru oamenii ce iubesc natura \u0219i sporturile. Pescuitul sportiv, excursiile cu bicicleta, mountain bikingul, schi-ul nautic, plimbarea pe lac cu barca cu v\u00e2sle, c\u00e2t \u0219i plimbarea cu barca cu motor sunt doar o parte din activit\u0103\u021bile ce trateaz\u0103 garantat surmenajul psihic...","og_url":"https:\/\/visalpin.ro\/index.php\/2019\/06\/27\/statiunea-belis-locul-perfect-pentru-o-vacanta-de-vara\/","og_site_name":"Pensiunea Vis Alpin Belis","article_publisher":"https:\/\/www.facebook.com\/pensiunebelis.ro","article_published_time":"2019-06-27T09:46:08+00:00","article_modified_time":"2022-12-20T16:10:52+00:00","og_image":[{"width":770,"height":346,"url":"https:\/\/visalpin.ro\/wp-content\/uploads\/2020\/05\/sezloange-2-1.jpg","type":"image\/jpeg"}],"author":"visalpin","twitter_card":"summary_large_image","twitter_creator":"@vis_alpin","twitter_site":"@vis_alpin","twitter_misc":{"Scris de":"visalpin","Timp estimat pentru citire":"3 minute"},"schema":{"@context":"https:\/\/schema.org","@graph":[{"@type":"Article","@id":"https:\/\/visalpin.ro\/index.php\/2019\/06\/27\/statiunea-belis-locul-perfect-pentru-o-vacanta-de-vara\/#article","isPartOf":{"@id":"https:\/\/visalpin.ro\/index.php\/2019\/06\/27\/statiunea-belis-locul-perfect-pentru-o-vacanta-de-vara\/"},"author":{"name":"visalpin","@id":"https:\/\/visalpin.ro\/#\/schema\/person\/07c32a6683fc824a01c4b6edefce42ee"},"headline":"Statiunea Beli\u0219, locul perfect pentru o vacan\u021b\u0103 de var\u0103","datePublished":"2019-06-27T09:46:08+00:00","dateModified":"2022-12-20T16:10:52+00:00","mainEntityOfPage":{"@id":"https:\/\/visalpin.ro\/index.php\/2019\/06\/27\/statiunea-belis-locul-perfect-pentru-o-vacanta-de-vara\/"},"wordCount":614,"publisher":{"@id":"https:\/\/visalpin.ro\/#organization"},"image":{"@id":"https:\/\/visalpin.ro\/index.php\/2019\/06\/27\/statiunea-belis-locul-perfect-pentru-o-vacanta-de-vara\/#primaryimage"},"thumbnailUrl":"https:\/\/visalpin.ro\/wp-content\/uploads\/2020\/05\/sezloange-2-1.jpg","articleSection":["Blog"],"inLanguage":"ro-RO"},{"@type":"WebPage","@id":"https:\/\/visalpin.ro\/index.php\/2019\/06\/27\/statiunea-belis-locul-perfect-pentru-o-vacanta-de-vara\/","url":"https:\/\/visalpin.ro\/index.php\/2019\/06\/27\/statiunea-belis-locul-perfect-pentru-o-vacanta-de-vara\/","name":"Statiunea Beli\u0219, locul perfect pentru o vacan\u021b\u0103 de var\u0103 - Pensiunea Vis Alpin Belis","isPartOf":{"@id":"https:\/\/visalpin.ro\/#website"},"primaryImageOfPage":{"@id":"https:\/\/visalpin.ro\/index.php\/2019\/06\/27\/statiunea-belis-locul-perfect-pentru-o-vacanta-de-vara\/#primaryimage"},"image":{"@id":"https:\/\/visalpin.ro\/index.php\/2019\/06\/27\/statiunea-belis-locul-perfect-pentru-o-vacanta-de-vara\/#primaryimage"},"thumbnailUrl":"https:\/\/visalpin.ro\/wp-content\/uploads\/2020\/05\/sezloange-2-1.jpg","datePublished":"2019-06-27T09:46:08+00:00","dateModified":"2022-12-20T16:10:52+00:00","breadcrumb":{"@id":"https:\/\/visalpin.ro\/index.php\/2019\/06\/27\/statiunea-belis-locul-perfect-pentru-o-vacanta-de-vara\/#breadcrumb"},"inLanguage":"ro-RO","potentialAction":[{"@type":"ReadAction","target":["https:\/\/visalpin.ro\/index.php\/2019\/06\/27\/statiunea-belis-locul-perfect-pentru-o-vacanta-de-vara\/"]}]},{"@type":"ImageObject","inLanguage":"ro-RO","@id":"https:\/\/visalpin.ro\/index.php\/2019\/06\/27\/statiunea-belis-locul-perfect-pentru-o-vacanta-de-vara\/#primaryimage","url":"https:\/\/visalpin.ro\/wp-content\/uploads\/2020\/05\/sezloange-2-1.jpg","contentUrl":"https:\/\/visalpin.ro\/wp-content\/uploads\/2020\/05\/sezloange-2-1.jpg","width":770,"height":346},{"@type":"BreadcrumbList","@id":"https:\/\/visalpin.ro\/index.php\/2019\/06\/27\/statiunea-belis-locul-perfect-pentru-o-vacanta-de-vara\/#breadcrumb","itemListElement":[{"@type":"ListItem","position":1,"name":"Prima pagin\u0103","item":"https:\/\/visalpin.ro\/"},{"@type":"ListItem","position":2,"name":"Statiunea Beli\u0219, locul perfect pentru o vacan\u021b\u0103 de var\u0103"}]},{"@type":"WebSite","@id":"https:\/\/visalpin.ro\/#website","url":"https:\/\/visalpin.ro\/","name":"Pensiunea Vis Alpin Belis","description":"","publisher":{"@id":"https:\/\/visalpin.ro\/#organization"},"potentialAction":[{"@type":"SearchAction","target":{"@type":"EntryPoint","urlTemplate":"https:\/\/visalpin.ro\/?s={search_term_string}"},"query-input":{"@type":"PropertyValueSpecification","valueRequired":true,"valueName":"search_term_string"}}],"inLanguage":"ro-RO"},{"@type":"Organization","@id":"https:\/\/visalpin.ro\/#organization","name":"Pensiunea Vis Alpin Belis","url":"https:\/\/visalpin.ro\/","logo":{"@type":"ImageObject","inLanguage":"ro-RO","@id":"https:\/\/visalpin.ro\/#\/schema\/logo\/image\/","url":"https:\/\/visalpin.ro\/wp-content\/uploads\/2020\/05\/logo-pensiunea-alpin-c9_Vis-BT2-antet.png","contentUrl":"https:\/\/visalpin.ro\/wp-content\/uploads\/2020\/05\/logo-pensiunea-alpin-c9_Vis-BT2-antet.png","width":3308,"height":1437,"caption":"Pensiunea Vis Alpin Belis"},"image":{"@id":"https:\/\/visalpin.ro\/#\/schema\/logo\/image\/"},"sameAs":["https:\/\/www.facebook.com\/pensiunebelis.ro","https:\/\/x.com\/vis_alpin","https:\/\/www.instagram.com\/vis.alpin\/","https:\/\/www.youtube.com\/channel\/UC9ww565y7GPfXiIYRwDR1Nw"]},{"@type":"Person","@id":"https:\/\/visalpin.ro\/#\/schema\/person\/07c32a6683fc824a01c4b6edefce42ee","name":"visalpin","image":{"@type":"ImageObject","inLanguage":"ro-RO","@id":"https:\/\/visalpin.ro\/#\/schema\/person\/image\/","url":"https:\/\/secure.gravatar.com\/avatar\/70e3b840b053414e248589d188a35f5a?s=96&d=mm&r=g","contentUrl":"https:\/\/secure.gravatar.com\/avatar\/70e3b840b053414e248589d188a35f5a?s=96&d=mm&r=g","caption":"visalpin"},"sameAs":["https:\/\/visalpin.ro"]}]}},"_links":{"self":[{"href":"https:\/\/visalpin.ro\/index.php\/wp-json\/wp\/v2\/posts\/3618"}],"collection":[{"href":"https:\/\/visalpin.ro\/index.php\/wp-json\/wp\/v2\/posts"}],"about":[{"href":"https:\/\/visalpin.ro\/index.php\/wp-json\/wp\/v2\/types\/post"}],"author":[{"embeddable":true,"href":"https:\/\/visalpin.ro\/index.php\/wp-json\/wp\/v2\/users\/1"}],"replies":[{"embeddable":true,"href":"https:\/\/visalpin.ro\/index.php\/wp-json\/wp\/v2\/comments?post=3618"}],"version-history":[{"count":1,"href":"https:\/\/visalpin.ro\/index.php\/wp-json\/wp\/v2\/posts\/3618\/revisions"}],"predecessor-version":[{"id":4511,"href":"https:\/\/visalpin.ro\/index.php\/wp-json\/wp\/v2\/posts\/3618\/revisions\/4511"}],"wp:featuredmedia":[{"embeddable":true,"href":"https:\/\/visalpin.ro\/index.php\/wp-json\/wp\/v2\/media\/3301"}],"wp:attachment":[{"href":"https:\/\/visalpin.ro\/index.php\/wp-json\/wp\/v2\/media?parent=3618"}],"wp:term":[{"taxonomy":"category","embeddable":true,"href":"https:\/\/visalpin.ro\/index.php\/wp-json\/wp\/v2\/categories?post=3618"},{"taxonomy":"post_tag","embeddable":true,"href":"https:\/\/visalpin.ro\/index.php\/wp-json\/wp\/v2\/tags?post=3618"}],"curies":[{"name":"wp","href":"https:\/\/api.w.org\/{rel}","templated":true}]}}