{"id":3617,"date":"2019-06-13T07:14:40","date_gmt":"2019-06-13T07:14:40","guid":{"rendered":"http:\/\/staging.visalpin.ro\/index.php\/2019\/06\/13\/destinatii-de-vacanta-care-te-provoaca-la-relaxare\/"},"modified":"2022-12-20T16:10:52","modified_gmt":"2022-12-20T16:10:52","slug":"destinatii-de-vacanta-care-te-provoaca-la-relaxare","status":"publish","type":"post","link":"https:\/\/visalpin.ro\/index.php\/2019\/06\/13\/destinatii-de-vacanta-care-te-provoaca-la-relaxare\/","title":{"rendered":"Destinatii de vacanta care te provoaca la... relaxare"},"content":{"rendered":"<p>Vara abia a \u00eenceput \u0219i \u0219tim c\u0103 o dat\u0103 cu soarele arz\u0103tor care ne pr\u0103je\u0219te pielea s-a trezit \u0219i spiritul t\u0103u dornic de distrac\u021bie, c\u0103l\u0103torit \u0219i aventur\u0103. Rom\u00e2nia are o mul\u021bime de zone frumoase care ne dau impresia c\u0103 p\u0103trundem intr-o alt\u0103 lume iar sta\u0219iunea Beli\u0219-F\u00e2nt\u00e2nele este unul dintre aceste locuri.<\/p>\n<p>Dac\u0103 inc\u0103 nu ti-ai preg\u0103tit o list\u0103 cu locuri pe care vrei s\u0103 le vizitezi vara aceasta, este momentul s\u0103 \u00eencepi. \u00cen capul listei a\u0219eaz\u0103 zona de <a href=\"https:\/\/visalpin.ro\/activitati-belis-fantanele\/\">agrement Beli\u0219<\/a> \u0219i nu o s\u0103 r\u0103m\u00e2i dezamgit. Av\u00e2nd o puternic\u0103 \u00eenc\u0103rc\u0103tur\u0103 istoric\u0103 dar \u0219i o priveli\u0219te uimitoare te \u00eendeamn\u0103 la relaxare. Este locul perfect pentru o te pierde pe tine \u00eensu\u021bi printre brazii \u00eenal\u021bi \u0219i satele de poveste.<\/p>\n<p>Plec\u00e2nd din Cluj-Napoca, sunt de parcurs 63 de km p\u00e2n\u0103 la Lacul Beli\u0219, distan\u021b\u0103 care se poate acoperi \u00een aproximativ o or\u0103. Sunt o mul\u021bime de locuri de cazare potrivite pentru toate gusturile \u0219i buzunarele. Av\u00e2nd posibilitatea de a alege dintre o mul\u021bime de activit\u0103\u021bi puse la dispozi\u021bie pentru a descoperii cu adev\u0103rat locul \u0219i a v\u0103 distra. printre acestea se enumer\u0103: pescuitul sportiv, excursiile cu bicicleta, mountain bikingul, schi-ul nautic, plimbarea pe lac cu barca cu v\u00e2sle, c\u00e2t \u0219i plimbarea cu barca cu motor.<\/p>\n<p><img loading=\"lazy\" decoding=\"async\" class=\"alignleft wp-image-5850 size-medium\" title=\"relaxare pensiunea vis alpin\" src=\"http:\/\/visalpin.ro\/wp-content\/uploads\/2018\/06\/loc-de-joaca-1-200x300.jpg\" alt=\"relaxare belis\" width=\"200\" height=\"300\" \/>Pe imensitatea Lacului Beli\u0219 se afl\u0103 \u0219i <a href=\"https:\/\/visalpin.ro\/2017\/11\/29\/lacul-fantanele\/\">barajul F\u00e2nt\u00e2nele<\/a>, o construc\u021bie impresionant\u0103, \u00eenalt\u0103 de 95.50 m, lung\u0103 de 400 m \u0219i lat\u0103 la baz\u0103 de 264 m. Barajul a fost construit pe albia r\u00e2ului Some\u0219ul Cald, \u00een perioada 1970-1974, av\u00e2nd scop hidroenergetic.<\/p>\n<p>\u00cen perioada construirii barajului, locuitorii vechii comune Beli\u0219 au fost nevoi\u021bi s\u0103 se mute \u00een actualul sat, deoarece apele au cuprins fostele a\u0219ez\u0103ri. Acestea nu mai sunt vizibile ast\u0103zi dec\u00e2t \u00een perioadele de secet\u0103, c\u00e2nd nivelul apei scade foarte mult. Cele mai celebre asemenea ruine sunt cele ale bisericii din fostul sat Giurcu\u021ba de Jos. \u00cenainte ca biserica s\u0103 fie \u00eenghi\u021bit\u0103 de ape definitiv, aceasta era vizibil\u0103 de orinde te uitai deoarece era construit\u0103 pe o magur\u0103, iar casele locuitorilor mo\u021bi erau construite \u00een jurul acesteia parc\u0103 gravitand continuu, atrase de o for\u021b\u0103 nev\u0103zut\u0103 ochiului uman. \u00cendiferent de anotimp, biserica r\u0103m\u00e2nea un punct de reper pentru mo\u021bi \u0219i ace\u0219tia f\u0103ceau ce f\u0103ceau \u0219i mereu se reg\u0103seau \u0219i se \u00eentorceau \u00een s\u00e2nul acesteia.<\/p>\n<p>Vara, c\u00e2nd apa lacului scade, locuitorii pot vederea cum r\u0103sar din imensa \u00eentindere de ap\u0103 v\u00e2rfurile vechii biserici, dar \u0219i casele aflate la zeci de metri sub apa. \u00cen anotimpul verii, amatorii de scufund\u0103ri au parte de peisaje incredibile atunci c\u00e2nd \u00eenoata pe vechile str\u0103zi ale Belisului.<\/p>\n<p>Dac\u0103 \u00eente\u021bionezi s\u0103 \u00ee\u021bi petreci aici o perioad\u0103 mai lung\u0103 de timp \u00ee\u021bi recomand\u0103m s\u0103 vzitezi \u0219i alte c\u00e2teva obiective aflate la mic\u0103 distan\u021b\u0103 precum: Biserica fortificat\u0103 de la V\u0103leni, Poiana Florilor, Cet\u0103\u021bile Radesei, Pe\u0219tera Ur\u0219ilor, Pe\u0219tera Alunu, Cheile Some\u0219ului Cald, Pe\u0219tera Zmeilor, Bradul lui Horea din P\u0103durea Scoruset sau Pe\u0219tera Piatra Ponorului.<\/p>\n<p>De asemenea, mai poate fi vizitat\u0103 \u0219i <a href=\"https:\/\/visalpin.ro\/2017\/08\/25\/cascada-rachitele\/\">Cascada R\u0103chi\u021bele<\/a> (Valul Miresei), care se afl\u0103 la 30 de km de Beli\u0219. Este o cascad\u0103 de circa 50 m \u00een\u0103l\u021bime care are dou\u0103 trepte de c\u0103dere. Locul este \u00eenconjurat de o legend\u0103 strist\u0103 conform c\u0103reia o mireas\u0103 a c\u0103zut \u00een ziua nun\u021bii de pe st\u00e2nci, iar voalul i-ar fi r\u0103mas ag\u0103\u021bat. Lacrimile nunta\u0219ilor care au pl\u00e2ns-o pe fat\u0103 au format cascada.<\/p>\n<p>&nbsp;<\/p>\n","protected":false},"excerpt":{"rendered":"<p>Vara abia a \u00eenceput \u0219i \u0219tim c\u0103 o dat\u0103 cu soarele arz\u0103tor care ne pr\u0103je\u0219te pielea s-a trezit \u0219i spiritul t\u0103u dornic de distrac\u021bie, c\u0103l\u0103torit \u0219i aventur\u0103. Rom\u00e2nia are o mul\u021bime de zone frumoase care ne dau impresia c\u0103 p\u0103trundem intr-o alt\u0103 lume iar sta\u0219iunea Beli\u0219-F\u00e2nt\u00e2nele este unul dintre aceste locuri. Dac\u0103 inc\u0103 nu ti-ai...<\/p>\n","protected":false},"author":1,"featured_media":3585,"comment_status":"closed","ping_status":"open","sticky":false,"template":"","format":"standard","meta":{"footnotes":""},"categories":[9],"tags":[],"class_list":["post-3617","post","type-post","status-publish","format-standard","has-post-thumbnail","hentry","category-blog"],"yoast_head":"<!-- This site is optimized with the Yoast SEO plugin v25.3.1 - https:\/\/yoast.com\/wordpress\/plugins\/seo\/ -->\n<title>Destinatii de vacanta care te provoaca la... relaxare - Pensiunea Vis Alpin Belis<\/title>\n<meta name=\"robots\" content=\"index, follow, max-snippet:-1, max-image-preview:large, max-video-preview:-1\" \/>\n<link rel=\"canonical\" href=\"https:\/\/visalpin.ro\/index.php\/2019\/06\/13\/destinatii-de-vacanta-care-te-provoaca-la-relaxare\/\" \/>\n<meta property=\"og:locale\" content=\"ro_RO\" \/>\n<meta property=\"og:type\" content=\"article\" \/>\n<meta property=\"og:title\" content=\"Destinatii de vacanta care te provoaca la... relaxare - Pensiunea Vis Alpin Belis\" \/>\n<meta property=\"og:description\" content=\"Vara abia a \u00eenceput \u0219i \u0219tim c\u0103 o dat\u0103 cu soarele arz\u0103tor care ne pr\u0103je\u0219te pielea s-a trezit \u0219i spiritul t\u0103u dornic de distrac\u021bie, c\u0103l\u0103torit \u0219i aventur\u0103. Rom\u00e2nia are o mul\u021bime de zone frumoase care ne dau impresia c\u0103 p\u0103trundem intr-o alt\u0103 lume iar sta\u0219iunea Beli\u0219-F\u00e2nt\u00e2nele este unul dintre aceste locuri. Dac\u0103 inc\u0103 nu ti-ai...\" \/>\n<meta property=\"og:url\" content=\"https:\/\/visalpin.ro\/index.php\/2019\/06\/13\/destinatii-de-vacanta-care-te-provoaca-la-relaxare\/\" \/>\n<meta property=\"og:site_name\" content=\"Pensiunea Vis Alpin Belis\" \/>\n<meta property=\"article:publisher\" content=\"https:\/\/www.facebook.com\/pensiunebelis.ro\" \/>\n<meta property=\"article:published_time\" content=\"2019-06-13T07:14:40+00:00\" \/>\n<meta property=\"article:modified_time\" content=\"2022-12-20T16:10:52+00:00\" \/>\n<meta property=\"og:image\" content=\"https:\/\/visalpin.ro\/wp-content\/uploads\/2020\/06\/caiac-2-1.jpg\" \/>\n\t<meta property=\"og:image:width\" content=\"770\" \/>\n\t<meta property=\"og:image:height\" content=\"346\" \/>\n\t<meta property=\"og:image:type\" content=\"image\/jpeg\" \/>\n<meta name=\"author\" content=\"visalpin\" \/>\n<meta name=\"twitter:card\" content=\"summary_large_image\" \/>\n<meta name=\"twitter:creator\" content=\"@vis_alpin\" \/>\n<meta name=\"twitter:site\" content=\"@vis_alpin\" \/>\n<meta name=\"twitter:label1\" content=\"Scris de\" \/>\n\t<meta name=\"twitter:data1\" content=\"visalpin\" \/>\n\t<meta name=\"twitter:label2\" content=\"Timp estimat pentru citire\" \/>\n\t<meta name=\"twitter:data2\" content=\"3 minute\" \/>\n<script type=\"application\/ld+json\" class=\"yoast-schema-graph\">{\"@context\":\"https:\/\/schema.org\",\"@graph\":[{\"@type\":\"Article\",\"@id\":\"https:\/\/visalpin.ro\/index.php\/2019\/06\/13\/destinatii-de-vacanta-care-te-provoaca-la-relaxare\/#article\",\"isPartOf\":{\"@id\":\"https:\/\/visalpin.ro\/index.php\/2019\/06\/13\/destinatii-de-vacanta-care-te-provoaca-la-relaxare\/\"},\"author\":{\"name\":\"visalpin\",\"@id\":\"https:\/\/visalpin.ro\/#\/schema\/person\/07c32a6683fc824a01c4b6edefce42ee\"},\"headline\":\"Destinatii de vacanta care te provoaca la... relaxare\",\"datePublished\":\"2019-06-13T07:14:40+00:00\",\"dateModified\":\"2022-12-20T16:10:52+00:00\",\"mainEntityOfPage\":{\"@id\":\"https:\/\/visalpin.ro\/index.php\/2019\/06\/13\/destinatii-de-vacanta-care-te-provoaca-la-relaxare\/\"},\"wordCount\":627,\"publisher\":{\"@id\":\"https:\/\/visalpin.ro\/#organization\"},\"image\":{\"@id\":\"https:\/\/visalpin.ro\/index.php\/2019\/06\/13\/destinatii-de-vacanta-care-te-provoaca-la-relaxare\/#primaryimage\"},\"thumbnailUrl\":\"https:\/\/visalpin.ro\/wp-content\/uploads\/2020\/06\/caiac-2-1.jpg\",\"articleSection\":[\"Blog\"],\"inLanguage\":\"ro-RO\"},{\"@type\":\"WebPage\",\"@id\":\"https:\/\/visalpin.ro\/index.php\/2019\/06\/13\/destinatii-de-vacanta-care-te-provoaca-la-relaxare\/\",\"url\":\"https:\/\/visalpin.ro\/index.php\/2019\/06\/13\/destinatii-de-vacanta-care-te-provoaca-la-relaxare\/\",\"name\":\"Destinatii de vacanta care te provoaca la... relaxare - Pensiunea Vis Alpin Belis\",\"isPartOf\":{\"@id\":\"https:\/\/visalpin.ro\/#website\"},\"primaryImageOfPage\":{\"@id\":\"https:\/\/visalpin.ro\/index.php\/2019\/06\/13\/destinatii-de-vacanta-care-te-provoaca-la-relaxare\/#primaryimage\"},\"image\":{\"@id\":\"https:\/\/visalpin.ro\/index.php\/2019\/06\/13\/destinatii-de-vacanta-care-te-provoaca-la-relaxare\/#primaryimage\"},\"thumbnailUrl\":\"https:\/\/visalpin.ro\/wp-content\/uploads\/2020\/06\/caiac-2-1.jpg\",\"datePublished\":\"2019-06-13T07:14:40+00:00\",\"dateModified\":\"2022-12-20T16:10:52+00:00\",\"breadcrumb\":{\"@id\":\"https:\/\/visalpin.ro\/index.php\/2019\/06\/13\/destinatii-de-vacanta-care-te-provoaca-la-relaxare\/#breadcrumb\"},\"inLanguage\":\"ro-RO\",\"potentialAction\":[{\"@type\":\"ReadAction\",\"target\":[\"https:\/\/visalpin.ro\/index.php\/2019\/06\/13\/destinatii-de-vacanta-care-te-provoaca-la-relaxare\/\"]}]},{\"@type\":\"ImageObject\",\"inLanguage\":\"ro-RO\",\"@id\":\"https:\/\/visalpin.ro\/index.php\/2019\/06\/13\/destinatii-de-vacanta-care-te-provoaca-la-relaxare\/#primaryimage\",\"url\":\"https:\/\/visalpin.ro\/wp-content\/uploads\/2020\/06\/caiac-2-1.jpg\",\"contentUrl\":\"https:\/\/visalpin.ro\/wp-content\/uploads\/2020\/06\/caiac-2-1.jpg\",\"width\":770,\"height\":346},{\"@type\":\"BreadcrumbList\",\"@id\":\"https:\/\/visalpin.ro\/index.php\/2019\/06\/13\/destinatii-de-vacanta-care-te-provoaca-la-relaxare\/#breadcrumb\",\"itemListElement\":[{\"@type\":\"ListItem\",\"position\":1,\"name\":\"Prima pagin\u0103\",\"item\":\"https:\/\/visalpin.ro\/\"},{\"@type\":\"ListItem\",\"position\":2,\"name\":\"Destinatii de vacanta care te provoaca la&#8230; relaxare\"}]},{\"@type\":\"WebSite\",\"@id\":\"https:\/\/visalpin.ro\/#website\",\"url\":\"https:\/\/visalpin.ro\/\",\"name\":\"Pensiunea Vis Alpin Belis\",\"description\":\"\",\"publisher\":{\"@id\":\"https:\/\/visalpin.ro\/#organization\"},\"potentialAction\":[{\"@type\":\"SearchAction\",\"target\":{\"@type\":\"EntryPoint\",\"urlTemplate\":\"https:\/\/visalpin.ro\/?s={search_term_string}\"},\"query-input\":{\"@type\":\"PropertyValueSpecification\",\"valueRequired\":true,\"valueName\":\"search_term_string\"}}],\"inLanguage\":\"ro-RO\"},{\"@type\":\"Organization\",\"@id\":\"https:\/\/visalpin.ro\/#organization\",\"name\":\"Pensiunea Vis Alpin Belis\",\"url\":\"https:\/\/visalpin.ro\/\",\"logo\":{\"@type\":\"ImageObject\",\"inLanguage\":\"ro-RO\",\"@id\":\"https:\/\/visalpin.ro\/#\/schema\/logo\/image\/\",\"url\":\"https:\/\/visalpin.ro\/wp-content\/uploads\/2020\/05\/logo-pensiunea-alpin-c9_Vis-BT2-antet.png\",\"contentUrl\":\"https:\/\/visalpin.ro\/wp-content\/uploads\/2020\/05\/logo-pensiunea-alpin-c9_Vis-BT2-antet.png\",\"width\":3308,\"height\":1437,\"caption\":\"Pensiunea Vis Alpin Belis\"},\"image\":{\"@id\":\"https:\/\/visalpin.ro\/#\/schema\/logo\/image\/\"},\"sameAs\":[\"https:\/\/www.facebook.com\/pensiunebelis.ro\",\"https:\/\/x.com\/vis_alpin\",\"https:\/\/www.instagram.com\/vis.alpin\/\",\"https:\/\/www.youtube.com\/channel\/UC9ww565y7GPfXiIYRwDR1Nw\"]},{\"@type\":\"Person\",\"@id\":\"https:\/\/visalpin.ro\/#\/schema\/person\/07c32a6683fc824a01c4b6edefce42ee\",\"name\":\"visalpin\",\"image\":{\"@type\":\"ImageObject\",\"inLanguage\":\"ro-RO\",\"@id\":\"https:\/\/visalpin.ro\/#\/schema\/person\/image\/\",\"url\":\"https:\/\/secure.gravatar.com\/avatar\/70e3b840b053414e248589d188a35f5a?s=96&d=mm&r=g\",\"contentUrl\":\"https:\/\/secure.gravatar.com\/avatar\/70e3b840b053414e248589d188a35f5a?s=96&d=mm&r=g\",\"caption\":\"visalpin\"},\"sameAs\":[\"https:\/\/visalpin.ro\"]}]}<\/script>\n<!-- \/ Yoast SEO plugin. -->","yoast_head_json":{"title":"Destinatii de vacanta care te provoaca la... relaxare - Pensiunea Vis Alpin Belis","robots":{"index":"index","follow":"follow","max-snippet":"max-snippet:-1","max-image-preview":"max-image-preview:large","max-video-preview":"max-video-preview:-1"},"canonical":"https:\/\/visalpin.ro\/index.php\/2019\/06\/13\/destinatii-de-vacanta-care-te-provoaca-la-relaxare\/","og_locale":"ro_RO","og_type":"article","og_title":"Destinatii de vacanta care te provoaca la... relaxare - Pensiunea Vis Alpin Belis","og_description":"Vara abia a \u00eenceput \u0219i \u0219tim c\u0103 o dat\u0103 cu soarele arz\u0103tor care ne pr\u0103je\u0219te pielea s-a trezit \u0219i spiritul t\u0103u dornic de distrac\u021bie, c\u0103l\u0103torit \u0219i aventur\u0103. Rom\u00e2nia are o mul\u021bime de zone frumoase care ne dau impresia c\u0103 p\u0103trundem intr-o alt\u0103 lume iar sta\u0219iunea Beli\u0219-F\u00e2nt\u00e2nele este unul dintre aceste locuri. Dac\u0103 inc\u0103 nu ti-ai...","og_url":"https:\/\/visalpin.ro\/index.php\/2019\/06\/13\/destinatii-de-vacanta-care-te-provoaca-la-relaxare\/","og_site_name":"Pensiunea Vis Alpin Belis","article_publisher":"https:\/\/www.facebook.com\/pensiunebelis.ro","article_published_time":"2019-06-13T07:14:40+00:00","article_modified_time":"2022-12-20T16:10:52+00:00","og_image":[{"width":770,"height":346,"url":"https:\/\/visalpin.ro\/wp-content\/uploads\/2020\/06\/caiac-2-1.jpg","type":"image\/jpeg"}],"author":"visalpin","twitter_card":"summary_large_image","twitter_creator":"@vis_alpin","twitter_site":"@vis_alpin","twitter_misc":{"Scris de":"visalpin","Timp estimat pentru citire":"3 minute"},"schema":{"@context":"https:\/\/schema.org","@graph":[{"@type":"Article","@id":"https:\/\/visalpin.ro\/index.php\/2019\/06\/13\/destinatii-de-vacanta-care-te-provoaca-la-relaxare\/#article","isPartOf":{"@id":"https:\/\/visalpin.ro\/index.php\/2019\/06\/13\/destinatii-de-vacanta-care-te-provoaca-la-relaxare\/"},"author":{"name":"visalpin","@id":"https:\/\/visalpin.ro\/#\/schema\/person\/07c32a6683fc824a01c4b6edefce42ee"},"headline":"Destinatii de vacanta care te provoaca la... relaxare","datePublished":"2019-06-13T07:14:40+00:00","dateModified":"2022-12-20T16:10:52+00:00","mainEntityOfPage":{"@id":"https:\/\/visalpin.ro\/index.php\/2019\/06\/13\/destinatii-de-vacanta-care-te-provoaca-la-relaxare\/"},"wordCount":627,"publisher":{"@id":"https:\/\/visalpin.ro\/#organization"},"image":{"@id":"https:\/\/visalpin.ro\/index.php\/2019\/06\/13\/destinatii-de-vacanta-care-te-provoaca-la-relaxare\/#primaryimage"},"thumbnailUrl":"https:\/\/visalpin.ro\/wp-content\/uploads\/2020\/06\/caiac-2-1.jpg","articleSection":["Blog"],"inLanguage":"ro-RO"},{"@type":"WebPage","@id":"https:\/\/visalpin.ro\/index.php\/2019\/06\/13\/destinatii-de-vacanta-care-te-provoaca-la-relaxare\/","url":"https:\/\/visalpin.ro\/index.php\/2019\/06\/13\/destinatii-de-vacanta-care-te-provoaca-la-relaxare\/","name":"Destinatii de vacanta care te provoaca la... relaxare - Pensiunea Vis Alpin Belis","isPartOf":{"@id":"https:\/\/visalpin.ro\/#website"},"primaryImageOfPage":{"@id":"https:\/\/visalpin.ro\/index.php\/2019\/06\/13\/destinatii-de-vacanta-care-te-provoaca-la-relaxare\/#primaryimage"},"image":{"@id":"https:\/\/visalpin.ro\/index.php\/2019\/06\/13\/destinatii-de-vacanta-care-te-provoaca-la-relaxare\/#primaryimage"},"thumbnailUrl":"https:\/\/visalpin.ro\/wp-content\/uploads\/2020\/06\/caiac-2-1.jpg","datePublished":"2019-06-13T07:14:40+00:00","dateModified":"2022-12-20T16:10:52+00:00","breadcrumb":{"@id":"https:\/\/visalpin.ro\/index.php\/2019\/06\/13\/destinatii-de-vacanta-care-te-provoaca-la-relaxare\/#breadcrumb"},"inLanguage":"ro-RO","potentialAction":[{"@type":"ReadAction","target":["https:\/\/visalpin.ro\/index.php\/2019\/06\/13\/destinatii-de-vacanta-care-te-provoaca-la-relaxare\/"]}]},{"@type":"ImageObject","inLanguage":"ro-RO","@id":"https:\/\/visalpin.ro\/index.php\/2019\/06\/13\/destinatii-de-vacanta-care-te-provoaca-la-relaxare\/#primaryimage","url":"https:\/\/visalpin.ro\/wp-content\/uploads\/2020\/06\/caiac-2-1.jpg","contentUrl":"https:\/\/visalpin.ro\/wp-content\/uploads\/2020\/06\/caiac-2-1.jpg","width":770,"height":346},{"@type":"BreadcrumbList","@id":"https:\/\/visalpin.ro\/index.php\/2019\/06\/13\/destinatii-de-vacanta-care-te-provoaca-la-relaxare\/#breadcrumb","itemListElement":[{"@type":"ListItem","position":1,"name":"Prima pagin\u0103","item":"https:\/\/visalpin.ro\/"},{"@type":"ListItem","position":2,"name":"Destinatii de vacanta care te provoaca la&#8230; relaxare"}]},{"@type":"WebSite","@id":"https:\/\/visalpin.ro\/#website","url":"https:\/\/visalpin.ro\/","name":"Pensiunea Vis Alpin Belis","description":"","publisher":{"@id":"https:\/\/visalpin.ro\/#organization"},"potentialAction":[{"@type":"SearchAction","target":{"@type":"EntryPoint","urlTemplate":"https:\/\/visalpin.ro\/?s={search_term_string}"},"query-input":{"@type":"PropertyValueSpecification","valueRequired":true,"valueName":"search_term_string"}}],"inLanguage":"ro-RO"},{"@type":"Organization","@id":"https:\/\/visalpin.ro\/#organization","name":"Pensiunea Vis Alpin Belis","url":"https:\/\/visalpin.ro\/","logo":{"@type":"ImageObject","inLanguage":"ro-RO","@id":"https:\/\/visalpin.ro\/#\/schema\/logo\/image\/","url":"https:\/\/visalpin.ro\/wp-content\/uploads\/2020\/05\/logo-pensiunea-alpin-c9_Vis-BT2-antet.png","contentUrl":"https:\/\/visalpin.ro\/wp-content\/uploads\/2020\/05\/logo-pensiunea-alpin-c9_Vis-BT2-antet.png","width":3308,"height":1437,"caption":"Pensiunea Vis Alpin Belis"},"image":{"@id":"https:\/\/visalpin.ro\/#\/schema\/logo\/image\/"},"sameAs":["https:\/\/www.facebook.com\/pensiunebelis.ro","https:\/\/x.com\/vis_alpin","https:\/\/www.instagram.com\/vis.alpin\/","https:\/\/www.youtube.com\/channel\/UC9ww565y7GPfXiIYRwDR1Nw"]},{"@type":"Person","@id":"https:\/\/visalpin.ro\/#\/schema\/person\/07c32a6683fc824a01c4b6edefce42ee","name":"visalpin","image":{"@type":"ImageObject","inLanguage":"ro-RO","@id":"https:\/\/visalpin.ro\/#\/schema\/person\/image\/","url":"https:\/\/secure.gravatar.com\/avatar\/70e3b840b053414e248589d188a35f5a?s=96&d=mm&r=g","contentUrl":"https:\/\/secure.gravatar.com\/avatar\/70e3b840b053414e248589d188a35f5a?s=96&d=mm&r=g","caption":"visalpin"},"sameAs":["https:\/\/visalpin.ro"]}]}},"_links":{"self":[{"href":"https:\/\/visalpin.ro\/index.php\/wp-json\/wp\/v2\/posts\/3617"}],"collection":[{"href":"https:\/\/visalpin.ro\/index.php\/wp-json\/wp\/v2\/posts"}],"about":[{"href":"https:\/\/visalpin.ro\/index.php\/wp-json\/wp\/v2\/types\/post"}],"author":[{"embeddable":true,"href":"https:\/\/visalpin.ro\/index.php\/wp-json\/wp\/v2\/users\/1"}],"replies":[{"embeddable":true,"href":"https:\/\/visalpin.ro\/index.php\/wp-json\/wp\/v2\/comments?post=3617"}],"version-history":[{"count":1,"href":"https:\/\/visalpin.ro\/index.php\/wp-json\/wp\/v2\/posts\/3617\/revisions"}],"predecessor-version":[{"id":4512,"href":"https:\/\/visalpin.ro\/index.php\/wp-json\/wp\/v2\/posts\/3617\/revisions\/4512"}],"wp:featuredmedia":[{"embeddable":true,"href":"https:\/\/visalpin.ro\/index.php\/wp-json\/wp\/v2\/media\/3585"}],"wp:attachment":[{"href":"https:\/\/visalpin.ro\/index.php\/wp-json\/wp\/v2\/media?parent=3617"}],"wp:term":[{"taxonomy":"category","embeddable":true,"href":"https:\/\/visalpin.ro\/index.php\/wp-json\/wp\/v2\/categories?post=3617"},{"taxonomy":"post_tag","embeddable":true,"href":"https:\/\/visalpin.ro\/index.php\/wp-json\/wp\/v2\/tags?post=3617"}],"curies":[{"name":"wp","href":"https:\/\/api.w.org\/{rel}","templated":true}]}}