{"id":3605,"date":"2018-06-04T08:39:14","date_gmt":"2018-06-04T08:39:14","guid":{"rendered":"http:\/\/staging.visalpin.ro\/index.php\/2018\/06\/04\/foisor-cu-ceaun-si-gratar\/"},"modified":"2022-12-20T16:10:53","modified_gmt":"2022-12-20T16:10:53","slug":"foisor-cu-ceaun-si-gratar","status":"publish","type":"post","link":"https:\/\/visalpin.ro\/index.php\/2018\/06\/04\/foisor-cu-ceaun-si-gratar\/","title":{"rendered":"Foi\u0219or cu ceaun \u0219i gr\u0103tar"},"content":{"rendered":"<p class=\"p1\"><span class=\"s1\">ATENTIE, GRATARUL SI CEAUNUL POATE FI FOLOSIT DOAR DE BUCATRII NOSTRI!!!!<\/span><\/p>\n<p class=\"p1\"><span class=\"s1\">In oricare anotimp gr\u0103tarul este nelipsit din acest peisaj mioritic, de\u0219i restaurantul nostru \u00ee\u021bi bucur\u0103 papilele gustative cu fel \u0219i fel de preparate, nu puteam s\u0103 avem o pensiune f\u0103r\u0103 gr\u0103tar \u0219i foi\u0219or. Unei vacan\u021be la pensiune nu \u00eei poate lipsi gr\u0103tarul. Cine nu ador\u0103 mirosul \u00eembietor de gr\u0103tar, gustul de fum \u0219i de arsur\u0103 at\u00e2t de pl\u0103cute papilelor?\u00a0<\/span><\/p>\n<p class=\"p1\"><span class=\"s1\"><span class=\"Apple-converted-space\">\u00a0\u00a0 <\/span>De asemenea, nimic nu se compar\u0103 cu m\u00e2ncarea la ceaun \u0219i acest lucru nu \u00eel poate contesta nimeni. Am zis c\u0103 dispunem de foi\u0219or, ins\u0103 nu am specificat c\u0103 foi\u0219orul este dotat \u0219i cu un ceaun unde buc\u0103tarii no\u0219tri vor prepara diverse specialit\u0103ti pe care s\u0103 le savura\u021bi de-a lungul \u0219ederii la noi. <\/span><\/p>\n<p class=\"p1\"><span class=\"s1\"><span class=\"Apple-converted-space\">\u00a0\u00a0 <\/span>\u00cencerca\u021bi doar s\u0103 face\u021bi un joc de imagina\u021bie: Parcul Na\u021bional Apuseni, o pensiune \u00eenconjurat\u0103 de peisaje mirifice, activit\u0103\u021bi dintre cele mai diverse, aer curat de munte \u0219i mireasma preparatelor culinare realizate de buc\u0103tarii no\u0219tri des\u0103v\u00e2r\u0219i\u021bi. Este o imagine pe care cu greu o po\u021bi scoate din minte. A\u0219adar nu mai sta\u021bi pe g\u00e2nduri \u0219i veni\u021bi la Pensiunea Vis Alpin s\u0103 picta\u021bi acest tablou.\u00a0<\/span><\/p>\n<p class=\"p1\"><span class=\"s1\"><span class=\"Apple-converted-space\">\u00a0\u00a0 <\/span>Pentru zilele \u00een care gr\u0103tarul nu este op\u021biunea aleas\u0103 de voi, restaurantul nostru, care este \u00een regim \u00eenchis, v\u0103 st\u0103 la dispozi\u021bie unde buc\u0103tarii no\u0219tri vor prepar\u0103 diverse re\u021bete cu gusturi \u0219i arome proaspete. <\/span><\/p>\n<p class=\"p2\"><span class=\"s1\"><span class=\"Apple-converted-space\">\u00a0\u00a0<\/span><\/span><\/p>\n<p class=\"p1\"><span class=\"s1\"><span class=\"Apple-converted-space\">\u00a0 \u00a0 \u00a0 \u00a0 \u00a0 \u00a0 \u00a0 <\/span>V\u0103 astept\u0103m la Pensiunea Vis Alpin s\u0103 petrece\u021bi al\u0103turi de cei dragi seri minunate, cu preparate gustoase \u0219i cu mii de pove\u0219ti spuse c\u0103 \u00eentre prieteni, pe \u00eenserat, \u00een fa\u021ba gr\u0103tarului.<\/span><\/p>\n","protected":false},"excerpt":{"rendered":"<p>ATENTIE, GRATARUL SI CEAUNUL POATE FI FOLOSIT DOAR DE BUCATRII NOSTRI!!!! In oricare anotimp gr\u0103tarul este nelipsit din acest peisaj mioritic, de\u0219i restaurantul nostru \u00ee\u021bi bucur\u0103 papilele gustative cu fel \u0219i fel de preparate, nu puteam s\u0103 avem o pensiune f\u0103r\u0103 gr\u0103tar \u0219i foi\u0219or. Unei vacan\u021be la pensiune nu \u00eei poate lipsi gr\u0103tarul. Cine nu...<\/p>\n","protected":false},"author":1,"featured_media":3076,"comment_status":"closed","ping_status":"closed","sticky":false,"template":"","format":"standard","meta":{"footnotes":""},"categories":[7],"tags":[],"class_list":["post-3605","post","type-post","status-publish","format-standard","has-post-thumbnail","hentry","category-activitati"],"yoast_head":"<!-- This site is optimized with the Yoast SEO plugin v25.3.1 - https:\/\/yoast.com\/wordpress\/plugins\/seo\/ -->\n<title>Foi\u0219or cu ceaun \u0219i gr\u0103tar - Pensiunea Vis Alpin Belis<\/title>\n<meta name=\"robots\" content=\"index, follow, max-snippet:-1, max-image-preview:large, max-video-preview:-1\" \/>\n<link rel=\"canonical\" href=\"https:\/\/visalpin.ro\/index.php\/2018\/06\/04\/foisor-cu-ceaun-si-gratar\/\" \/>\n<meta property=\"og:locale\" content=\"ro_RO\" \/>\n<meta property=\"og:type\" content=\"article\" \/>\n<meta property=\"og:title\" content=\"Foi\u0219or cu ceaun \u0219i gr\u0103tar - Pensiunea Vis Alpin Belis\" \/>\n<meta property=\"og:description\" content=\"ATENTIE, GRATARUL SI CEAUNUL POATE FI FOLOSIT DOAR DE BUCATRII NOSTRI!!!! In oricare anotimp gr\u0103tarul este nelipsit din acest peisaj mioritic, de\u0219i restaurantul nostru \u00ee\u021bi bucur\u0103 papilele gustative cu fel \u0219i fel de preparate, nu puteam s\u0103 avem o pensiune f\u0103r\u0103 gr\u0103tar \u0219i foi\u0219or. Unei vacan\u021be la pensiune nu \u00eei poate lipsi gr\u0103tarul. Cine nu...\" \/>\n<meta property=\"og:url\" content=\"https:\/\/visalpin.ro\/index.php\/2018\/06\/04\/foisor-cu-ceaun-si-gratar\/\" \/>\n<meta property=\"og:site_name\" content=\"Pensiunea Vis Alpin Belis\" \/>\n<meta property=\"article:publisher\" content=\"https:\/\/www.facebook.com\/pensiunebelis.ro\" \/>\n<meta property=\"article:published_time\" content=\"2018-06-04T08:39:14+00:00\" \/>\n<meta property=\"article:modified_time\" content=\"2022-12-20T16:10:53+00:00\" \/>\n<meta property=\"og:image\" content=\"https:\/\/visalpin.ro\/wp-content\/uploads\/2020\/05\/foisor-cu-ceaun-si-gratar-2-1.jpg\" \/>\n\t<meta property=\"og:image:width\" content=\"770\" \/>\n\t<meta property=\"og:image:height\" content=\"346\" \/>\n\t<meta property=\"og:image:type\" content=\"image\/jpeg\" \/>\n<meta name=\"author\" content=\"visalpin\" \/>\n<meta name=\"twitter:card\" content=\"summary_large_image\" \/>\n<meta name=\"twitter:creator\" content=\"@vis_alpin\" \/>\n<meta name=\"twitter:site\" content=\"@vis_alpin\" \/>\n<meta name=\"twitter:label1\" content=\"Scris de\" \/>\n\t<meta name=\"twitter:data1\" content=\"visalpin\" \/>\n\t<meta name=\"twitter:label2\" content=\"Timp estimat pentru citire\" \/>\n\t<meta name=\"twitter:data2\" content=\"1 minut\" \/>\n<script type=\"application\/ld+json\" class=\"yoast-schema-graph\">{\"@context\":\"https:\/\/schema.org\",\"@graph\":[{\"@type\":\"Article\",\"@id\":\"https:\/\/visalpin.ro\/index.php\/2018\/06\/04\/foisor-cu-ceaun-si-gratar\/#article\",\"isPartOf\":{\"@id\":\"https:\/\/visalpin.ro\/index.php\/2018\/06\/04\/foisor-cu-ceaun-si-gratar\/\"},\"author\":{\"name\":\"visalpin\",\"@id\":\"https:\/\/visalpin.ro\/#\/schema\/person\/07c32a6683fc824a01c4b6edefce42ee\"},\"headline\":\"Foi\u0219or cu ceaun \u0219i gr\u0103tar\",\"datePublished\":\"2018-06-04T08:39:14+00:00\",\"dateModified\":\"2022-12-20T16:10:53+00:00\",\"mainEntityOfPage\":{\"@id\":\"https:\/\/visalpin.ro\/index.php\/2018\/06\/04\/foisor-cu-ceaun-si-gratar\/\"},\"wordCount\":304,\"publisher\":{\"@id\":\"https:\/\/visalpin.ro\/#organization\"},\"image\":{\"@id\":\"https:\/\/visalpin.ro\/index.php\/2018\/06\/04\/foisor-cu-ceaun-si-gratar\/#primaryimage\"},\"thumbnailUrl\":\"https:\/\/visalpin.ro\/wp-content\/uploads\/2020\/05\/foisor-cu-ceaun-si-gratar-2-1.jpg\",\"articleSection\":[\"Activitati\"],\"inLanguage\":\"ro-RO\"},{\"@type\":\"WebPage\",\"@id\":\"https:\/\/visalpin.ro\/index.php\/2018\/06\/04\/foisor-cu-ceaun-si-gratar\/\",\"url\":\"https:\/\/visalpin.ro\/index.php\/2018\/06\/04\/foisor-cu-ceaun-si-gratar\/\",\"name\":\"Foi\u0219or cu ceaun \u0219i gr\u0103tar - Pensiunea Vis Alpin Belis\",\"isPartOf\":{\"@id\":\"https:\/\/visalpin.ro\/#website\"},\"primaryImageOfPage\":{\"@id\":\"https:\/\/visalpin.ro\/index.php\/2018\/06\/04\/foisor-cu-ceaun-si-gratar\/#primaryimage\"},\"image\":{\"@id\":\"https:\/\/visalpin.ro\/index.php\/2018\/06\/04\/foisor-cu-ceaun-si-gratar\/#primaryimage\"},\"thumbnailUrl\":\"https:\/\/visalpin.ro\/wp-content\/uploads\/2020\/05\/foisor-cu-ceaun-si-gratar-2-1.jpg\",\"datePublished\":\"2018-06-04T08:39:14+00:00\",\"dateModified\":\"2022-12-20T16:10:53+00:00\",\"breadcrumb\":{\"@id\":\"https:\/\/visalpin.ro\/index.php\/2018\/06\/04\/foisor-cu-ceaun-si-gratar\/#breadcrumb\"},\"inLanguage\":\"ro-RO\",\"potentialAction\":[{\"@type\":\"ReadAction\",\"target\":[\"https:\/\/visalpin.ro\/index.php\/2018\/06\/04\/foisor-cu-ceaun-si-gratar\/\"]}]},{\"@type\":\"ImageObject\",\"inLanguage\":\"ro-RO\",\"@id\":\"https:\/\/visalpin.ro\/index.php\/2018\/06\/04\/foisor-cu-ceaun-si-gratar\/#primaryimage\",\"url\":\"https:\/\/visalpin.ro\/wp-content\/uploads\/2020\/05\/foisor-cu-ceaun-si-gratar-2-1.jpg\",\"contentUrl\":\"https:\/\/visalpin.ro\/wp-content\/uploads\/2020\/05\/foisor-cu-ceaun-si-gratar-2-1.jpg\",\"width\":770,\"height\":346},{\"@type\":\"BreadcrumbList\",\"@id\":\"https:\/\/visalpin.ro\/index.php\/2018\/06\/04\/foisor-cu-ceaun-si-gratar\/#breadcrumb\",\"itemListElement\":[{\"@type\":\"ListItem\",\"position\":1,\"name\":\"Prima pagin\u0103\",\"item\":\"https:\/\/visalpin.ro\/\"},{\"@type\":\"ListItem\",\"position\":2,\"name\":\"Foi\u0219or cu ceaun \u0219i gr\u0103tar\"}]},{\"@type\":\"WebSite\",\"@id\":\"https:\/\/visalpin.ro\/#website\",\"url\":\"https:\/\/visalpin.ro\/\",\"name\":\"Pensiunea Vis Alpin Belis\",\"description\":\"\",\"publisher\":{\"@id\":\"https:\/\/visalpin.ro\/#organization\"},\"potentialAction\":[{\"@type\":\"SearchAction\",\"target\":{\"@type\":\"EntryPoint\",\"urlTemplate\":\"https:\/\/visalpin.ro\/?s={search_term_string}\"},\"query-input\":{\"@type\":\"PropertyValueSpecification\",\"valueRequired\":true,\"valueName\":\"search_term_string\"}}],\"inLanguage\":\"ro-RO\"},{\"@type\":\"Organization\",\"@id\":\"https:\/\/visalpin.ro\/#organization\",\"name\":\"Pensiunea Vis Alpin Belis\",\"url\":\"https:\/\/visalpin.ro\/\",\"logo\":{\"@type\":\"ImageObject\",\"inLanguage\":\"ro-RO\",\"@id\":\"https:\/\/visalpin.ro\/#\/schema\/logo\/image\/\",\"url\":\"https:\/\/visalpin.ro\/wp-content\/uploads\/2020\/05\/logo-pensiunea-alpin-c9_Vis-BT2-antet.png\",\"contentUrl\":\"https:\/\/visalpin.ro\/wp-content\/uploads\/2020\/05\/logo-pensiunea-alpin-c9_Vis-BT2-antet.png\",\"width\":3308,\"height\":1437,\"caption\":\"Pensiunea Vis Alpin Belis\"},\"image\":{\"@id\":\"https:\/\/visalpin.ro\/#\/schema\/logo\/image\/\"},\"sameAs\":[\"https:\/\/www.facebook.com\/pensiunebelis.ro\",\"https:\/\/x.com\/vis_alpin\",\"https:\/\/www.instagram.com\/vis.alpin\/\",\"https:\/\/www.youtube.com\/channel\/UC9ww565y7GPfXiIYRwDR1Nw\"]},{\"@type\":\"Person\",\"@id\":\"https:\/\/visalpin.ro\/#\/schema\/person\/07c32a6683fc824a01c4b6edefce42ee\",\"name\":\"visalpin\",\"image\":{\"@type\":\"ImageObject\",\"inLanguage\":\"ro-RO\",\"@id\":\"https:\/\/visalpin.ro\/#\/schema\/person\/image\/\",\"url\":\"https:\/\/secure.gravatar.com\/avatar\/70e3b840b053414e248589d188a35f5a?s=96&d=mm&r=g\",\"contentUrl\":\"https:\/\/secure.gravatar.com\/avatar\/70e3b840b053414e248589d188a35f5a?s=96&d=mm&r=g\",\"caption\":\"visalpin\"},\"sameAs\":[\"https:\/\/visalpin.ro\"]}]}<\/script>\n<!-- \/ Yoast SEO plugin. -->","yoast_head_json":{"title":"Foi\u0219or cu ceaun \u0219i gr\u0103tar - Pensiunea Vis Alpin Belis","robots":{"index":"index","follow":"follow","max-snippet":"max-snippet:-1","max-image-preview":"max-image-preview:large","max-video-preview":"max-video-preview:-1"},"canonical":"https:\/\/visalpin.ro\/index.php\/2018\/06\/04\/foisor-cu-ceaun-si-gratar\/","og_locale":"ro_RO","og_type":"article","og_title":"Foi\u0219or cu ceaun \u0219i gr\u0103tar - Pensiunea Vis Alpin Belis","og_description":"ATENTIE, GRATARUL SI CEAUNUL POATE FI FOLOSIT DOAR DE BUCATRII NOSTRI!!!! In oricare anotimp gr\u0103tarul este nelipsit din acest peisaj mioritic, de\u0219i restaurantul nostru \u00ee\u021bi bucur\u0103 papilele gustative cu fel \u0219i fel de preparate, nu puteam s\u0103 avem o pensiune f\u0103r\u0103 gr\u0103tar \u0219i foi\u0219or. Unei vacan\u021be la pensiune nu \u00eei poate lipsi gr\u0103tarul. Cine nu...","og_url":"https:\/\/visalpin.ro\/index.php\/2018\/06\/04\/foisor-cu-ceaun-si-gratar\/","og_site_name":"Pensiunea Vis Alpin Belis","article_publisher":"https:\/\/www.facebook.com\/pensiunebelis.ro","article_published_time":"2018-06-04T08:39:14+00:00","article_modified_time":"2022-12-20T16:10:53+00:00","og_image":[{"width":770,"height":346,"url":"https:\/\/visalpin.ro\/wp-content\/uploads\/2020\/05\/foisor-cu-ceaun-si-gratar-2-1.jpg","type":"image\/jpeg"}],"author":"visalpin","twitter_card":"summary_large_image","twitter_creator":"@vis_alpin","twitter_site":"@vis_alpin","twitter_misc":{"Scris de":"visalpin","Timp estimat pentru citire":"1 minut"},"schema":{"@context":"https:\/\/schema.org","@graph":[{"@type":"Article","@id":"https:\/\/visalpin.ro\/index.php\/2018\/06\/04\/foisor-cu-ceaun-si-gratar\/#article","isPartOf":{"@id":"https:\/\/visalpin.ro\/index.php\/2018\/06\/04\/foisor-cu-ceaun-si-gratar\/"},"author":{"name":"visalpin","@id":"https:\/\/visalpin.ro\/#\/schema\/person\/07c32a6683fc824a01c4b6edefce42ee"},"headline":"Foi\u0219or cu ceaun \u0219i gr\u0103tar","datePublished":"2018-06-04T08:39:14+00:00","dateModified":"2022-12-20T16:10:53+00:00","mainEntityOfPage":{"@id":"https:\/\/visalpin.ro\/index.php\/2018\/06\/04\/foisor-cu-ceaun-si-gratar\/"},"wordCount":304,"publisher":{"@id":"https:\/\/visalpin.ro\/#organization"},"image":{"@id":"https:\/\/visalpin.ro\/index.php\/2018\/06\/04\/foisor-cu-ceaun-si-gratar\/#primaryimage"},"thumbnailUrl":"https:\/\/visalpin.ro\/wp-content\/uploads\/2020\/05\/foisor-cu-ceaun-si-gratar-2-1.jpg","articleSection":["Activitati"],"inLanguage":"ro-RO"},{"@type":"WebPage","@id":"https:\/\/visalpin.ro\/index.php\/2018\/06\/04\/foisor-cu-ceaun-si-gratar\/","url":"https:\/\/visalpin.ro\/index.php\/2018\/06\/04\/foisor-cu-ceaun-si-gratar\/","name":"Foi\u0219or cu ceaun \u0219i gr\u0103tar - Pensiunea Vis Alpin Belis","isPartOf":{"@id":"https:\/\/visalpin.ro\/#website"},"primaryImageOfPage":{"@id":"https:\/\/visalpin.ro\/index.php\/2018\/06\/04\/foisor-cu-ceaun-si-gratar\/#primaryimage"},"image":{"@id":"https:\/\/visalpin.ro\/index.php\/2018\/06\/04\/foisor-cu-ceaun-si-gratar\/#primaryimage"},"thumbnailUrl":"https:\/\/visalpin.ro\/wp-content\/uploads\/2020\/05\/foisor-cu-ceaun-si-gratar-2-1.jpg","datePublished":"2018-06-04T08:39:14+00:00","dateModified":"2022-12-20T16:10:53+00:00","breadcrumb":{"@id":"https:\/\/visalpin.ro\/index.php\/2018\/06\/04\/foisor-cu-ceaun-si-gratar\/#breadcrumb"},"inLanguage":"ro-RO","potentialAction":[{"@type":"ReadAction","target":["https:\/\/visalpin.ro\/index.php\/2018\/06\/04\/foisor-cu-ceaun-si-gratar\/"]}]},{"@type":"ImageObject","inLanguage":"ro-RO","@id":"https:\/\/visalpin.ro\/index.php\/2018\/06\/04\/foisor-cu-ceaun-si-gratar\/#primaryimage","url":"https:\/\/visalpin.ro\/wp-content\/uploads\/2020\/05\/foisor-cu-ceaun-si-gratar-2-1.jpg","contentUrl":"https:\/\/visalpin.ro\/wp-content\/uploads\/2020\/05\/foisor-cu-ceaun-si-gratar-2-1.jpg","width":770,"height":346},{"@type":"BreadcrumbList","@id":"https:\/\/visalpin.ro\/index.php\/2018\/06\/04\/foisor-cu-ceaun-si-gratar\/#breadcrumb","itemListElement":[{"@type":"ListItem","position":1,"name":"Prima pagin\u0103","item":"https:\/\/visalpin.ro\/"},{"@type":"ListItem","position":2,"name":"Foi\u0219or cu ceaun \u0219i gr\u0103tar"}]},{"@type":"WebSite","@id":"https:\/\/visalpin.ro\/#website","url":"https:\/\/visalpin.ro\/","name":"Pensiunea Vis Alpin Belis","description":"","publisher":{"@id":"https:\/\/visalpin.ro\/#organization"},"potentialAction":[{"@type":"SearchAction","target":{"@type":"EntryPoint","urlTemplate":"https:\/\/visalpin.ro\/?s={search_term_string}"},"query-input":{"@type":"PropertyValueSpecification","valueRequired":true,"valueName":"search_term_string"}}],"inLanguage":"ro-RO"},{"@type":"Organization","@id":"https:\/\/visalpin.ro\/#organization","name":"Pensiunea Vis Alpin Belis","url":"https:\/\/visalpin.ro\/","logo":{"@type":"ImageObject","inLanguage":"ro-RO","@id":"https:\/\/visalpin.ro\/#\/schema\/logo\/image\/","url":"https:\/\/visalpin.ro\/wp-content\/uploads\/2020\/05\/logo-pensiunea-alpin-c9_Vis-BT2-antet.png","contentUrl":"https:\/\/visalpin.ro\/wp-content\/uploads\/2020\/05\/logo-pensiunea-alpin-c9_Vis-BT2-antet.png","width":3308,"height":1437,"caption":"Pensiunea Vis Alpin Belis"},"image":{"@id":"https:\/\/visalpin.ro\/#\/schema\/logo\/image\/"},"sameAs":["https:\/\/www.facebook.com\/pensiunebelis.ro","https:\/\/x.com\/vis_alpin","https:\/\/www.instagram.com\/vis.alpin\/","https:\/\/www.youtube.com\/channel\/UC9ww565y7GPfXiIYRwDR1Nw"]},{"@type":"Person","@id":"https:\/\/visalpin.ro\/#\/schema\/person\/07c32a6683fc824a01c4b6edefce42ee","name":"visalpin","image":{"@type":"ImageObject","inLanguage":"ro-RO","@id":"https:\/\/visalpin.ro\/#\/schema\/person\/image\/","url":"https:\/\/secure.gravatar.com\/avatar\/70e3b840b053414e248589d188a35f5a?s=96&d=mm&r=g","contentUrl":"https:\/\/secure.gravatar.com\/avatar\/70e3b840b053414e248589d188a35f5a?s=96&d=mm&r=g","caption":"visalpin"},"sameAs":["https:\/\/visalpin.ro"]}]}},"_links":{"self":[{"href":"https:\/\/visalpin.ro\/index.php\/wp-json\/wp\/v2\/posts\/3605"}],"collection":[{"href":"https:\/\/visalpin.ro\/index.php\/wp-json\/wp\/v2\/posts"}],"about":[{"href":"https:\/\/visalpin.ro\/index.php\/wp-json\/wp\/v2\/types\/post"}],"author":[{"embeddable":true,"href":"https:\/\/visalpin.ro\/index.php\/wp-json\/wp\/v2\/users\/1"}],"replies":[{"embeddable":true,"href":"https:\/\/visalpin.ro\/index.php\/wp-json\/wp\/v2\/comments?post=3605"}],"version-history":[{"count":1,"href":"https:\/\/visalpin.ro\/index.php\/wp-json\/wp\/v2\/posts\/3605\/revisions"}],"predecessor-version":[{"id":4525,"href":"https:\/\/visalpin.ro\/index.php\/wp-json\/wp\/v2\/posts\/3605\/revisions\/4525"}],"wp:featuredmedia":[{"embeddable":true,"href":"https:\/\/visalpin.ro\/index.php\/wp-json\/wp\/v2\/media\/3076"}],"wp:attachment":[{"href":"https:\/\/visalpin.ro\/index.php\/wp-json\/wp\/v2\/media?parent=3605"}],"wp:term":[{"taxonomy":"category","embeddable":true,"href":"https:\/\/visalpin.ro\/index.php\/wp-json\/wp\/v2\/categories?post=3605"},{"taxonomy":"post_tag","embeddable":true,"href":"https:\/\/visalpin.ro\/index.php\/wp-json\/wp\/v2\/tags?post=3605"}],"curies":[{"name":"wp","href":"https:\/\/api.w.org\/{rel}","templated":true}]}}