{"id":3570,"date":"2015-08-22T09:38:55","date_gmt":"2015-08-22T09:38:55","guid":{"rendered":"http:\/\/staging.visalpin.ro\/index.php\/2015\/08\/22\/arborii-de-sequoia\/"},"modified":"2022-12-20T16:11:10","modified_gmt":"2022-12-20T16:11:10","slug":"arborii-de-sequoia","status":"publish","type":"post","link":"https:\/\/visalpin.ro\/index.php\/2015\/08\/22\/arborii-de-sequoia\/","title":{"rendered":"Arborii de Sequoia"},"content":{"rendered":"<p><strong>Arborii de Secqouia<\/strong>\u00a0de la\u00a0S\u0103cuieu\u00a0- Mun\u0163ii Vl\u0103deasa, impresioneaz\u0103 prin \u00een\u0103l\u0163imi de aproximativ 35 metri, un diametru pe care abia \u00eel pot cuprinde cinci persoane \u015fi o vechime de aproximativ un secol. Contrar opiniei multora care au vizitat zona \u015fi au crezut c\u0103 numele satului se leag\u0103 de denumirea arborilor, \"numele de S\u0103cuieu vine de la un lac s\u0103rat care a secat\u201d, (Gheorghe Potra, profesorul de geografie de la \u015fcoala din sat). Se spune c\u0103 \u00a0baronul Gal a dus s\u0103m\u00e2n\u0163a copacului din America, ascuns\u0103 \u00eentr-un baston.<\/p>\n<p>Al\u0103turi de cei doi arbori gemeni, se afl\u0103 alte c\u00e2teva specii rare:\u00a0pinul negru \u015fi zada\u00a0(coniferul cu frunze c\u0103z\u0103toare, cunoscut \u015fi sub numele de Larice).<\/p>\n<p>Traseul poate fi parcurs cu ma\u015fina pe drumuri na\u0163ionale, jude\u0163ene \u015fi comunale: Beli\u015f - C\u0103l\u0103\u0163ele - Calata - S\u00e2ncraiu - S\u0103cuieu - spre Dealul Domnului(<a href=\"http:\/\/www.jeka.ro\/Distanta-Belis%20cluj_Sacuieu.aspx\" target=\"_blank\" rel=\"noopener noreferrer\">http:\/\/www.jeka.ro\/Distanta-Belis%20cluj_Sacuieu.aspx<\/a>)<\/p>\n<p>Starea drumurilor, eventual alte trasee disponibile se pot verifica \u00een timp real pe\u00a0<a href=\"http:\/\/www.trafficguide.ro\/\" target=\"_blank\" rel=\"noopener noreferrer\">www.trafficguide.ro<\/a>\u00a0sau pe\u00a0<a href=\"http:\/\/www.cnadnr.ro\/\" target=\"_blank\" rel=\"noopener noreferrer\">www.cnadnr.ro<\/a><\/p>\n<p>Timp estimat:\u00a0<strong>30 km - 45min<\/strong>.<\/p>\n<p>Traseu montan cu marcaje turistice<\/p>\n","protected":false},"excerpt":{"rendered":"<p>Arborii de Secqouia\u00a0de la\u00a0S\u0103cuieu\u00a0- Mun\u0163ii Vl\u0103deasa, impresioneaz\u0103 prin \u00een\u0103l\u0163imi de aproximativ 35 metri, un diametru pe care abia \u00eel pot cuprinde cinci persoane \u015fi o vechime de aproximativ un secol. Contrar opiniei multora care au vizitat zona \u015fi au crezut c\u0103 numele satului se leag\u0103 de denumirea arborilor, \"numele de S\u0103cuieu vine de la un...<\/p>\n","protected":false},"author":1,"featured_media":2916,"comment_status":"closed","ping_status":"closed","sticky":false,"template":"","format":"standard","meta":{"footnotes":""},"categories":[8],"tags":[],"class_list":["post-3570","post","type-post","status-publish","format-standard","has-post-thumbnail","hentry","category-atractii"],"yoast_head":"<!-- This site is optimized with the Yoast SEO plugin v25.3.1 - https:\/\/yoast.com\/wordpress\/plugins\/seo\/ -->\n<title>Arborii de Sequoia - Pensiunea Vis Alpin Belis<\/title>\n<meta name=\"robots\" content=\"index, follow, max-snippet:-1, max-image-preview:large, max-video-preview:-1\" \/>\n<link rel=\"canonical\" href=\"https:\/\/visalpin.ro\/index.php\/2015\/08\/22\/arborii-de-sequoia\/\" \/>\n<meta property=\"og:locale\" content=\"ro_RO\" \/>\n<meta property=\"og:type\" content=\"article\" \/>\n<meta property=\"og:title\" content=\"Arborii de Sequoia - Pensiunea Vis Alpin Belis\" \/>\n<meta property=\"og:description\" content=\"Arborii de Secqouia\u00a0de la\u00a0S\u0103cuieu\u00a0- Mun\u0163ii Vl\u0103deasa, impresioneaz\u0103 prin \u00een\u0103l\u0163imi de aproximativ 35 metri, un diametru pe care abia \u00eel pot cuprinde cinci persoane \u015fi o vechime de aproximativ un secol. Contrar opiniei multora care au vizitat zona \u015fi au crezut c\u0103 numele satului se leag\u0103 de denumirea arborilor, &quot;numele de S\u0103cuieu vine de la un...\" \/>\n<meta property=\"og:url\" content=\"https:\/\/visalpin.ro\/index.php\/2015\/08\/22\/arborii-de-sequoia\/\" \/>\n<meta property=\"og:site_name\" content=\"Pensiunea Vis Alpin Belis\" \/>\n<meta property=\"article:publisher\" content=\"https:\/\/www.facebook.com\/pensiunebelis.ro\" \/>\n<meta property=\"article:published_time\" content=\"2015-08-22T09:38:55+00:00\" \/>\n<meta property=\"article:modified_time\" content=\"2022-12-20T16:11:10+00:00\" \/>\n<meta property=\"og:image\" content=\"https:\/\/visalpin.ro\/wp-content\/uploads\/2020\/05\/126-1.jpg\" \/>\n\t<meta property=\"og:image:width\" content=\"770\" \/>\n\t<meta property=\"og:image:height\" content=\"346\" \/>\n\t<meta property=\"og:image:type\" content=\"image\/jpeg\" \/>\n<meta name=\"author\" content=\"visalpin\" \/>\n<meta name=\"twitter:card\" content=\"summary_large_image\" \/>\n<meta name=\"twitter:creator\" content=\"@vis_alpin\" \/>\n<meta name=\"twitter:site\" content=\"@vis_alpin\" \/>\n<meta name=\"twitter:label1\" content=\"Scris de\" \/>\n\t<meta name=\"twitter:data1\" content=\"visalpin\" \/>\n\t<meta name=\"twitter:label2\" content=\"Timp estimat pentru citire\" \/>\n\t<meta name=\"twitter:data2\" content=\"1 minut\" \/>\n<script type=\"application\/ld+json\" class=\"yoast-schema-graph\">{\"@context\":\"https:\/\/schema.org\",\"@graph\":[{\"@type\":\"Article\",\"@id\":\"https:\/\/visalpin.ro\/index.php\/2015\/08\/22\/arborii-de-sequoia\/#article\",\"isPartOf\":{\"@id\":\"https:\/\/visalpin.ro\/index.php\/2015\/08\/22\/arborii-de-sequoia\/\"},\"author\":{\"name\":\"visalpin\",\"@id\":\"https:\/\/visalpin.ro\/#\/schema\/person\/07c32a6683fc824a01c4b6edefce42ee\"},\"headline\":\"Arborii de Sequoia\",\"datePublished\":\"2015-08-22T09:38:55+00:00\",\"dateModified\":\"2022-12-20T16:11:10+00:00\",\"mainEntityOfPage\":{\"@id\":\"https:\/\/visalpin.ro\/index.php\/2015\/08\/22\/arborii-de-sequoia\/\"},\"wordCount\":200,\"publisher\":{\"@id\":\"https:\/\/visalpin.ro\/#organization\"},\"image\":{\"@id\":\"https:\/\/visalpin.ro\/index.php\/2015\/08\/22\/arborii-de-sequoia\/#primaryimage\"},\"thumbnailUrl\":\"https:\/\/visalpin.ro\/wp-content\/uploads\/2020\/05\/126-1.jpg\",\"articleSection\":[\"Atractii\"],\"inLanguage\":\"ro-RO\"},{\"@type\":\"WebPage\",\"@id\":\"https:\/\/visalpin.ro\/index.php\/2015\/08\/22\/arborii-de-sequoia\/\",\"url\":\"https:\/\/visalpin.ro\/index.php\/2015\/08\/22\/arborii-de-sequoia\/\",\"name\":\"Arborii de Sequoia - Pensiunea Vis Alpin Belis\",\"isPartOf\":{\"@id\":\"https:\/\/visalpin.ro\/#website\"},\"primaryImageOfPage\":{\"@id\":\"https:\/\/visalpin.ro\/index.php\/2015\/08\/22\/arborii-de-sequoia\/#primaryimage\"},\"image\":{\"@id\":\"https:\/\/visalpin.ro\/index.php\/2015\/08\/22\/arborii-de-sequoia\/#primaryimage\"},\"thumbnailUrl\":\"https:\/\/visalpin.ro\/wp-content\/uploads\/2020\/05\/126-1.jpg\",\"datePublished\":\"2015-08-22T09:38:55+00:00\",\"dateModified\":\"2022-12-20T16:11:10+00:00\",\"breadcrumb\":{\"@id\":\"https:\/\/visalpin.ro\/index.php\/2015\/08\/22\/arborii-de-sequoia\/#breadcrumb\"},\"inLanguage\":\"ro-RO\",\"potentialAction\":[{\"@type\":\"ReadAction\",\"target\":[\"https:\/\/visalpin.ro\/index.php\/2015\/08\/22\/arborii-de-sequoia\/\"]}]},{\"@type\":\"ImageObject\",\"inLanguage\":\"ro-RO\",\"@id\":\"https:\/\/visalpin.ro\/index.php\/2015\/08\/22\/arborii-de-sequoia\/#primaryimage\",\"url\":\"https:\/\/visalpin.ro\/wp-content\/uploads\/2020\/05\/126-1.jpg\",\"contentUrl\":\"https:\/\/visalpin.ro\/wp-content\/uploads\/2020\/05\/126-1.jpg\",\"width\":770,\"height\":346},{\"@type\":\"BreadcrumbList\",\"@id\":\"https:\/\/visalpin.ro\/index.php\/2015\/08\/22\/arborii-de-sequoia\/#breadcrumb\",\"itemListElement\":[{\"@type\":\"ListItem\",\"position\":1,\"name\":\"Prima pagin\u0103\",\"item\":\"https:\/\/visalpin.ro\/\"},{\"@type\":\"ListItem\",\"position\":2,\"name\":\"Arborii de Sequoia\"}]},{\"@type\":\"WebSite\",\"@id\":\"https:\/\/visalpin.ro\/#website\",\"url\":\"https:\/\/visalpin.ro\/\",\"name\":\"Pensiunea Vis Alpin Belis\",\"description\":\"\",\"publisher\":{\"@id\":\"https:\/\/visalpin.ro\/#organization\"},\"potentialAction\":[{\"@type\":\"SearchAction\",\"target\":{\"@type\":\"EntryPoint\",\"urlTemplate\":\"https:\/\/visalpin.ro\/?s={search_term_string}\"},\"query-input\":{\"@type\":\"PropertyValueSpecification\",\"valueRequired\":true,\"valueName\":\"search_term_string\"}}],\"inLanguage\":\"ro-RO\"},{\"@type\":\"Organization\",\"@id\":\"https:\/\/visalpin.ro\/#organization\",\"name\":\"Pensiunea Vis Alpin Belis\",\"url\":\"https:\/\/visalpin.ro\/\",\"logo\":{\"@type\":\"ImageObject\",\"inLanguage\":\"ro-RO\",\"@id\":\"https:\/\/visalpin.ro\/#\/schema\/logo\/image\/\",\"url\":\"https:\/\/visalpin.ro\/wp-content\/uploads\/2020\/05\/logo-pensiunea-alpin-c9_Vis-BT2-antet.png\",\"contentUrl\":\"https:\/\/visalpin.ro\/wp-content\/uploads\/2020\/05\/logo-pensiunea-alpin-c9_Vis-BT2-antet.png\",\"width\":3308,\"height\":1437,\"caption\":\"Pensiunea Vis Alpin Belis\"},\"image\":{\"@id\":\"https:\/\/visalpin.ro\/#\/schema\/logo\/image\/\"},\"sameAs\":[\"https:\/\/www.facebook.com\/pensiunebelis.ro\",\"https:\/\/x.com\/vis_alpin\",\"https:\/\/www.instagram.com\/vis.alpin\/\",\"https:\/\/www.youtube.com\/channel\/UC9ww565y7GPfXiIYRwDR1Nw\"]},{\"@type\":\"Person\",\"@id\":\"https:\/\/visalpin.ro\/#\/schema\/person\/07c32a6683fc824a01c4b6edefce42ee\",\"name\":\"visalpin\",\"image\":{\"@type\":\"ImageObject\",\"inLanguage\":\"ro-RO\",\"@id\":\"https:\/\/visalpin.ro\/#\/schema\/person\/image\/\",\"url\":\"https:\/\/secure.gravatar.com\/avatar\/70e3b840b053414e248589d188a35f5a?s=96&d=mm&r=g\",\"contentUrl\":\"https:\/\/secure.gravatar.com\/avatar\/70e3b840b053414e248589d188a35f5a?s=96&d=mm&r=g\",\"caption\":\"visalpin\"},\"sameAs\":[\"https:\/\/visalpin.ro\"]}]}<\/script>\n<!-- \/ Yoast SEO plugin. -->","yoast_head_json":{"title":"Arborii de Sequoia - Pensiunea Vis Alpin Belis","robots":{"index":"index","follow":"follow","max-snippet":"max-snippet:-1","max-image-preview":"max-image-preview:large","max-video-preview":"max-video-preview:-1"},"canonical":"https:\/\/visalpin.ro\/index.php\/2015\/08\/22\/arborii-de-sequoia\/","og_locale":"ro_RO","og_type":"article","og_title":"Arborii de Sequoia - Pensiunea Vis Alpin Belis","og_description":"Arborii de Secqouia\u00a0de la\u00a0S\u0103cuieu\u00a0- Mun\u0163ii Vl\u0103deasa, impresioneaz\u0103 prin \u00een\u0103l\u0163imi de aproximativ 35 metri, un diametru pe care abia \u00eel pot cuprinde cinci persoane \u015fi o vechime de aproximativ un secol. Contrar opiniei multora care au vizitat zona \u015fi au crezut c\u0103 numele satului se leag\u0103 de denumirea arborilor, \"numele de S\u0103cuieu vine de la un...","og_url":"https:\/\/visalpin.ro\/index.php\/2015\/08\/22\/arborii-de-sequoia\/","og_site_name":"Pensiunea Vis Alpin Belis","article_publisher":"https:\/\/www.facebook.com\/pensiunebelis.ro","article_published_time":"2015-08-22T09:38:55+00:00","article_modified_time":"2022-12-20T16:11:10+00:00","og_image":[{"width":770,"height":346,"url":"https:\/\/visalpin.ro\/wp-content\/uploads\/2020\/05\/126-1.jpg","type":"image\/jpeg"}],"author":"visalpin","twitter_card":"summary_large_image","twitter_creator":"@vis_alpin","twitter_site":"@vis_alpin","twitter_misc":{"Scris de":"visalpin","Timp estimat pentru citire":"1 minut"},"schema":{"@context":"https:\/\/schema.org","@graph":[{"@type":"Article","@id":"https:\/\/visalpin.ro\/index.php\/2015\/08\/22\/arborii-de-sequoia\/#article","isPartOf":{"@id":"https:\/\/visalpin.ro\/index.php\/2015\/08\/22\/arborii-de-sequoia\/"},"author":{"name":"visalpin","@id":"https:\/\/visalpin.ro\/#\/schema\/person\/07c32a6683fc824a01c4b6edefce42ee"},"headline":"Arborii de Sequoia","datePublished":"2015-08-22T09:38:55+00:00","dateModified":"2022-12-20T16:11:10+00:00","mainEntityOfPage":{"@id":"https:\/\/visalpin.ro\/index.php\/2015\/08\/22\/arborii-de-sequoia\/"},"wordCount":200,"publisher":{"@id":"https:\/\/visalpin.ro\/#organization"},"image":{"@id":"https:\/\/visalpin.ro\/index.php\/2015\/08\/22\/arborii-de-sequoia\/#primaryimage"},"thumbnailUrl":"https:\/\/visalpin.ro\/wp-content\/uploads\/2020\/05\/126-1.jpg","articleSection":["Atractii"],"inLanguage":"ro-RO"},{"@type":"WebPage","@id":"https:\/\/visalpin.ro\/index.php\/2015\/08\/22\/arborii-de-sequoia\/","url":"https:\/\/visalpin.ro\/index.php\/2015\/08\/22\/arborii-de-sequoia\/","name":"Arborii de Sequoia - Pensiunea Vis Alpin Belis","isPartOf":{"@id":"https:\/\/visalpin.ro\/#website"},"primaryImageOfPage":{"@id":"https:\/\/visalpin.ro\/index.php\/2015\/08\/22\/arborii-de-sequoia\/#primaryimage"},"image":{"@id":"https:\/\/visalpin.ro\/index.php\/2015\/08\/22\/arborii-de-sequoia\/#primaryimage"},"thumbnailUrl":"https:\/\/visalpin.ro\/wp-content\/uploads\/2020\/05\/126-1.jpg","datePublished":"2015-08-22T09:38:55+00:00","dateModified":"2022-12-20T16:11:10+00:00","breadcrumb":{"@id":"https:\/\/visalpin.ro\/index.php\/2015\/08\/22\/arborii-de-sequoia\/#breadcrumb"},"inLanguage":"ro-RO","potentialAction":[{"@type":"ReadAction","target":["https:\/\/visalpin.ro\/index.php\/2015\/08\/22\/arborii-de-sequoia\/"]}]},{"@type":"ImageObject","inLanguage":"ro-RO","@id":"https:\/\/visalpin.ro\/index.php\/2015\/08\/22\/arborii-de-sequoia\/#primaryimage","url":"https:\/\/visalpin.ro\/wp-content\/uploads\/2020\/05\/126-1.jpg","contentUrl":"https:\/\/visalpin.ro\/wp-content\/uploads\/2020\/05\/126-1.jpg","width":770,"height":346},{"@type":"BreadcrumbList","@id":"https:\/\/visalpin.ro\/index.php\/2015\/08\/22\/arborii-de-sequoia\/#breadcrumb","itemListElement":[{"@type":"ListItem","position":1,"name":"Prima pagin\u0103","item":"https:\/\/visalpin.ro\/"},{"@type":"ListItem","position":2,"name":"Arborii de Sequoia"}]},{"@type":"WebSite","@id":"https:\/\/visalpin.ro\/#website","url":"https:\/\/visalpin.ro\/","name":"Pensiunea Vis Alpin Belis","description":"","publisher":{"@id":"https:\/\/visalpin.ro\/#organization"},"potentialAction":[{"@type":"SearchAction","target":{"@type":"EntryPoint","urlTemplate":"https:\/\/visalpin.ro\/?s={search_term_string}"},"query-input":{"@type":"PropertyValueSpecification","valueRequired":true,"valueName":"search_term_string"}}],"inLanguage":"ro-RO"},{"@type":"Organization","@id":"https:\/\/visalpin.ro\/#organization","name":"Pensiunea Vis Alpin Belis","url":"https:\/\/visalpin.ro\/","logo":{"@type":"ImageObject","inLanguage":"ro-RO","@id":"https:\/\/visalpin.ro\/#\/schema\/logo\/image\/","url":"https:\/\/visalpin.ro\/wp-content\/uploads\/2020\/05\/logo-pensiunea-alpin-c9_Vis-BT2-antet.png","contentUrl":"https:\/\/visalpin.ro\/wp-content\/uploads\/2020\/05\/logo-pensiunea-alpin-c9_Vis-BT2-antet.png","width":3308,"height":1437,"caption":"Pensiunea Vis Alpin Belis"},"image":{"@id":"https:\/\/visalpin.ro\/#\/schema\/logo\/image\/"},"sameAs":["https:\/\/www.facebook.com\/pensiunebelis.ro","https:\/\/x.com\/vis_alpin","https:\/\/www.instagram.com\/vis.alpin\/","https:\/\/www.youtube.com\/channel\/UC9ww565y7GPfXiIYRwDR1Nw"]},{"@type":"Person","@id":"https:\/\/visalpin.ro\/#\/schema\/person\/07c32a6683fc824a01c4b6edefce42ee","name":"visalpin","image":{"@type":"ImageObject","inLanguage":"ro-RO","@id":"https:\/\/visalpin.ro\/#\/schema\/person\/image\/","url":"https:\/\/secure.gravatar.com\/avatar\/70e3b840b053414e248589d188a35f5a?s=96&d=mm&r=g","contentUrl":"https:\/\/secure.gravatar.com\/avatar\/70e3b840b053414e248589d188a35f5a?s=96&d=mm&r=g","caption":"visalpin"},"sameAs":["https:\/\/visalpin.ro"]}]}},"_links":{"self":[{"href":"https:\/\/visalpin.ro\/index.php\/wp-json\/wp\/v2\/posts\/3570"}],"collection":[{"href":"https:\/\/visalpin.ro\/index.php\/wp-json\/wp\/v2\/posts"}],"about":[{"href":"https:\/\/visalpin.ro\/index.php\/wp-json\/wp\/v2\/types\/post"}],"author":[{"embeddable":true,"href":"https:\/\/visalpin.ro\/index.php\/wp-json\/wp\/v2\/users\/1"}],"replies":[{"embeddable":true,"href":"https:\/\/visalpin.ro\/index.php\/wp-json\/wp\/v2\/comments?post=3570"}],"version-history":[{"count":1,"href":"https:\/\/visalpin.ro\/index.php\/wp-json\/wp\/v2\/posts\/3570\/revisions"}],"predecessor-version":[{"id":4565,"href":"https:\/\/visalpin.ro\/index.php\/wp-json\/wp\/v2\/posts\/3570\/revisions\/4565"}],"wp:featuredmedia":[{"embeddable":true,"href":"https:\/\/visalpin.ro\/index.php\/wp-json\/wp\/v2\/media\/2916"}],"wp:attachment":[{"href":"https:\/\/visalpin.ro\/index.php\/wp-json\/wp\/v2\/media?parent=3570"}],"wp:term":[{"taxonomy":"category","embeddable":true,"href":"https:\/\/visalpin.ro\/index.php\/wp-json\/wp\/v2\/categories?post=3570"},{"taxonomy":"post_tag","embeddable":true,"href":"https:\/\/visalpin.ro\/index.php\/wp-json\/wp\/v2\/tags?post=3570"}],"curies":[{"name":"wp","href":"https:\/\/api.w.org\/{rel}","templated":true}]}}