{"id":3567,"date":"2015-08-22T09:45:59","date_gmt":"2015-08-22T09:45:59","guid":{"rendered":"http:\/\/staging.visalpin.ro\/index.php\/2015\/08\/22\/vf-vladeasa\/"},"modified":"2022-12-20T16:11:10","modified_gmt":"2022-12-20T16:11:10","slug":"vf-vladeasa","status":"publish","type":"post","link":"https:\/\/visalpin.ro\/index.php\/2015\/08\/22\/vf-vladeasa\/","title":{"rendered":"Masivul \u015fi Vf. Vl\u0103deasa - 1836 m"},"content":{"rendered":"<p>Masivul Vl\u0103deasa, parte a Carpa\u0163ilor Occidentali,se extinde c\u0103tre nord p\u00e2n\u0103 la r\u00e2ul\u00a0Cri\u0219ul Repede. La sud sunt desp\u0103r\u021bi\u021bi de\u00a0Mun\u021bii Bihor\u00a0de o limit\u0103 format\u0103 de Cri\u0219ul Pietros \u2013 P\u00e2r\u00e2ul Boga \u2013 \u0218aua Cuciulat \u2013 Valea R\u0103chi\u021bele. Spre vest limita c\u0103tre\u00a0Mun\u021bii P\u0103durea Craiului\u00a0este Valea Iadei, iar spre est sunt m\u0103rgini\u021bi de culmile situate la est de Valea S\u0103cuieului \u0219i Valea Hen\u021bului (sursa:\u00a0<em>http:\/\/ro.wikipedia.org\/wiki\/Masivul_Vl%C4%83deasa<\/em>).<\/p>\n<p>V\u00e2rful Vl\u0103deasa, cel mai \u00eenalt pisc al masivului - 1836 m - \u015fi al doilea ca \u00een\u0103l\u0163ime \u00een Carpa\u0163ii Occidentali (dup\u0103 V\u00e2rful Bihor - 1849 m), ofer\u0103 priveli\u015fti care \u00ee\u0163i taie r\u0103suflarea! Recomand\u0103m o ie\u015fire \u00een zilele senine, c\u00e2nd, de pe v\u00e2rf, se pot vedea clar Cheile Turzii, V\u00e2rful Bihorului, depresiunea Transilvaniei \u015fi grupele nordice ale Carpa\u0163ilor Orientali.<\/p>\n<p>\u00cen apropiere se reg\u0103sesc Pietrele Albe \u015fi Lacul de acumulare Dr\u0103gan.<\/p>\n<p>Traseul poate fi parcurs cu ma\u015fina pe drumuri na\u0163ionale, jude\u0163ene \u015fi comunale - TRANSVL\u0102DEASA: Beli\u015f - C\u0103l\u0103\u0163ele - Ciuleni - lacul Serind Fr\u0103sinet -\u00a0<strong>Vl\u0103deasa<\/strong>(<a href=\"http:\/\/www.jeka.ro\/Distanta-Belis%20cluj_Varful%20vladeasa.aspx\" target=\"_blank\" rel=\"noopener noreferrer\">http:\/\/www.jeka.ro\/Distanta-Belis%20cluj_Varful%20vladeasa.aspx<\/a>)<\/p>\n<p>Starea drumurilor, eventual alte trasee disponibile se pot verifica \u00een timp real pe\u00a0<a href=\"http:\/\/www.trafficguide.ro\/\" target=\"_blank\" rel=\"noopener noreferrer\">www.trafficguide.ro<\/a>\u00a0sau pe\u00a0<a href=\"http:\/\/www.cnadnr.ro\/\" target=\"_blank\" rel=\"noopener noreferrer\">www.cnadnr.ro<\/a><\/p>\n<p>Timp estimat:\u00a0<strong>50 km - 1 h 30min<\/strong>.<\/p>\n<p>Traseu montan cu marcaje turistice.<\/p>\n","protected":false},"excerpt":{"rendered":"<p>Masivul Vl\u0103deasa, parte a Carpa\u0163ilor Occidentali,se extinde c\u0103tre nord p\u00e2n\u0103 la r\u00e2ul\u00a0Cri\u0219ul Repede. La sud sunt desp\u0103r\u021bi\u021bi de\u00a0Mun\u021bii Bihor\u00a0de o limit\u0103 format\u0103 de Cri\u0219ul Pietros \u2013 P\u00e2r\u00e2ul Boga \u2013 \u0218aua Cuciulat \u2013 Valea R\u0103chi\u021bele. Spre vest limita c\u0103tre\u00a0Mun\u021bii P\u0103durea Craiului\u00a0este Valea Iadei, iar spre est sunt m\u0103rgini\u021bi de culmile situate la est de Valea S\u0103cuieului...<\/p>\n","protected":false},"author":1,"featured_media":2918,"comment_status":"closed","ping_status":"closed","sticky":false,"template":"","format":"standard","meta":{"footnotes":""},"categories":[8],"tags":[],"class_list":["post-3567","post","type-post","status-publish","format-standard","has-post-thumbnail","hentry","category-atractii"],"yoast_head":"<!-- This site is optimized with the Yoast SEO plugin v25.3.1 - https:\/\/yoast.com\/wordpress\/plugins\/seo\/ -->\n<title>Masivul \u015fi Vf. Vl\u0103deasa - 1836 m - Pensiunea Vis Alpin Belis<\/title>\n<meta name=\"robots\" content=\"index, follow, max-snippet:-1, max-image-preview:large, max-video-preview:-1\" \/>\n<link rel=\"canonical\" href=\"https:\/\/visalpin.ro\/index.php\/2015\/08\/22\/vf-vladeasa\/\" \/>\n<meta property=\"og:locale\" content=\"ro_RO\" \/>\n<meta property=\"og:type\" content=\"article\" \/>\n<meta property=\"og:title\" content=\"Masivul \u015fi Vf. Vl\u0103deasa - 1836 m - Pensiunea Vis Alpin Belis\" \/>\n<meta property=\"og:description\" content=\"Masivul Vl\u0103deasa, parte a Carpa\u0163ilor Occidentali,se extinde c\u0103tre nord p\u00e2n\u0103 la r\u00e2ul\u00a0Cri\u0219ul Repede. La sud sunt desp\u0103r\u021bi\u021bi de\u00a0Mun\u021bii Bihor\u00a0de o limit\u0103 format\u0103 de Cri\u0219ul Pietros \u2013 P\u00e2r\u00e2ul Boga \u2013 \u0218aua Cuciulat \u2013 Valea R\u0103chi\u021bele. Spre vest limita c\u0103tre\u00a0Mun\u021bii P\u0103durea Craiului\u00a0este Valea Iadei, iar spre est sunt m\u0103rgini\u021bi de culmile situate la est de Valea S\u0103cuieului...\" \/>\n<meta property=\"og:url\" content=\"https:\/\/visalpin.ro\/index.php\/2015\/08\/22\/vf-vladeasa\/\" \/>\n<meta property=\"og:site_name\" content=\"Pensiunea Vis Alpin Belis\" \/>\n<meta property=\"article:publisher\" content=\"https:\/\/www.facebook.com\/pensiunebelis.ro\" \/>\n<meta property=\"article:published_time\" content=\"2015-08-22T09:45:59+00:00\" \/>\n<meta property=\"article:modified_time\" content=\"2022-12-20T16:11:10+00:00\" \/>\n<meta property=\"og:image\" content=\"https:\/\/visalpin.ro\/wp-content\/uploads\/2020\/05\/127-1.jpg\" \/>\n\t<meta property=\"og:image:width\" content=\"770\" \/>\n\t<meta property=\"og:image:height\" content=\"346\" \/>\n\t<meta property=\"og:image:type\" content=\"image\/jpeg\" \/>\n<meta name=\"author\" content=\"visalpin\" \/>\n<meta name=\"twitter:card\" content=\"summary_large_image\" \/>\n<meta name=\"twitter:creator\" content=\"@vis_alpin\" \/>\n<meta name=\"twitter:site\" content=\"@vis_alpin\" \/>\n<meta name=\"twitter:label1\" content=\"Scris de\" \/>\n\t<meta name=\"twitter:data1\" content=\"visalpin\" \/>\n\t<meta name=\"twitter:label2\" content=\"Timp estimat pentru citire\" \/>\n\t<meta name=\"twitter:data2\" content=\"1 minut\" \/>\n<script type=\"application\/ld+json\" class=\"yoast-schema-graph\">{\"@context\":\"https:\/\/schema.org\",\"@graph\":[{\"@type\":\"Article\",\"@id\":\"https:\/\/visalpin.ro\/index.php\/2015\/08\/22\/vf-vladeasa\/#article\",\"isPartOf\":{\"@id\":\"https:\/\/visalpin.ro\/index.php\/2015\/08\/22\/vf-vladeasa\/\"},\"author\":{\"name\":\"visalpin\",\"@id\":\"https:\/\/visalpin.ro\/#\/schema\/person\/07c32a6683fc824a01c4b6edefce42ee\"},\"headline\":\"Masivul \u015fi Vf. Vl\u0103deasa - 1836 m\",\"datePublished\":\"2015-08-22T09:45:59+00:00\",\"dateModified\":\"2022-12-20T16:11:10+00:00\",\"mainEntityOfPage\":{\"@id\":\"https:\/\/visalpin.ro\/index.php\/2015\/08\/22\/vf-vladeasa\/\"},\"wordCount\":257,\"publisher\":{\"@id\":\"https:\/\/visalpin.ro\/#organization\"},\"image\":{\"@id\":\"https:\/\/visalpin.ro\/index.php\/2015\/08\/22\/vf-vladeasa\/#primaryimage\"},\"thumbnailUrl\":\"https:\/\/visalpin.ro\/wp-content\/uploads\/2020\/05\/127-1.jpg\",\"articleSection\":[\"Atractii\"],\"inLanguage\":\"ro-RO\"},{\"@type\":\"WebPage\",\"@id\":\"https:\/\/visalpin.ro\/index.php\/2015\/08\/22\/vf-vladeasa\/\",\"url\":\"https:\/\/visalpin.ro\/index.php\/2015\/08\/22\/vf-vladeasa\/\",\"name\":\"Masivul \u015fi Vf. Vl\u0103deasa - 1836 m - Pensiunea Vis Alpin Belis\",\"isPartOf\":{\"@id\":\"https:\/\/visalpin.ro\/#website\"},\"primaryImageOfPage\":{\"@id\":\"https:\/\/visalpin.ro\/index.php\/2015\/08\/22\/vf-vladeasa\/#primaryimage\"},\"image\":{\"@id\":\"https:\/\/visalpin.ro\/index.php\/2015\/08\/22\/vf-vladeasa\/#primaryimage\"},\"thumbnailUrl\":\"https:\/\/visalpin.ro\/wp-content\/uploads\/2020\/05\/127-1.jpg\",\"datePublished\":\"2015-08-22T09:45:59+00:00\",\"dateModified\":\"2022-12-20T16:11:10+00:00\",\"breadcrumb\":{\"@id\":\"https:\/\/visalpin.ro\/index.php\/2015\/08\/22\/vf-vladeasa\/#breadcrumb\"},\"inLanguage\":\"ro-RO\",\"potentialAction\":[{\"@type\":\"ReadAction\",\"target\":[\"https:\/\/visalpin.ro\/index.php\/2015\/08\/22\/vf-vladeasa\/\"]}]},{\"@type\":\"ImageObject\",\"inLanguage\":\"ro-RO\",\"@id\":\"https:\/\/visalpin.ro\/index.php\/2015\/08\/22\/vf-vladeasa\/#primaryimage\",\"url\":\"https:\/\/visalpin.ro\/wp-content\/uploads\/2020\/05\/127-1.jpg\",\"contentUrl\":\"https:\/\/visalpin.ro\/wp-content\/uploads\/2020\/05\/127-1.jpg\",\"width\":770,\"height\":346},{\"@type\":\"BreadcrumbList\",\"@id\":\"https:\/\/visalpin.ro\/index.php\/2015\/08\/22\/vf-vladeasa\/#breadcrumb\",\"itemListElement\":[{\"@type\":\"ListItem\",\"position\":1,\"name\":\"Prima pagin\u0103\",\"item\":\"https:\/\/visalpin.ro\/\"},{\"@type\":\"ListItem\",\"position\":2,\"name\":\"Masivul \u015fi Vf. Vl\u0103deasa &#8211; 1836 m\"}]},{\"@type\":\"WebSite\",\"@id\":\"https:\/\/visalpin.ro\/#website\",\"url\":\"https:\/\/visalpin.ro\/\",\"name\":\"Pensiunea Vis Alpin Belis\",\"description\":\"\",\"publisher\":{\"@id\":\"https:\/\/visalpin.ro\/#organization\"},\"potentialAction\":[{\"@type\":\"SearchAction\",\"target\":{\"@type\":\"EntryPoint\",\"urlTemplate\":\"https:\/\/visalpin.ro\/?s={search_term_string}\"},\"query-input\":{\"@type\":\"PropertyValueSpecification\",\"valueRequired\":true,\"valueName\":\"search_term_string\"}}],\"inLanguage\":\"ro-RO\"},{\"@type\":\"Organization\",\"@id\":\"https:\/\/visalpin.ro\/#organization\",\"name\":\"Pensiunea Vis Alpin Belis\",\"url\":\"https:\/\/visalpin.ro\/\",\"logo\":{\"@type\":\"ImageObject\",\"inLanguage\":\"ro-RO\",\"@id\":\"https:\/\/visalpin.ro\/#\/schema\/logo\/image\/\",\"url\":\"https:\/\/visalpin.ro\/wp-content\/uploads\/2020\/05\/logo-pensiunea-alpin-c9_Vis-BT2-antet.png\",\"contentUrl\":\"https:\/\/visalpin.ro\/wp-content\/uploads\/2020\/05\/logo-pensiunea-alpin-c9_Vis-BT2-antet.png\",\"width\":3308,\"height\":1437,\"caption\":\"Pensiunea Vis Alpin Belis\"},\"image\":{\"@id\":\"https:\/\/visalpin.ro\/#\/schema\/logo\/image\/\"},\"sameAs\":[\"https:\/\/www.facebook.com\/pensiunebelis.ro\",\"https:\/\/x.com\/vis_alpin\",\"https:\/\/www.instagram.com\/vis.alpin\/\",\"https:\/\/www.youtube.com\/channel\/UC9ww565y7GPfXiIYRwDR1Nw\"]},{\"@type\":\"Person\",\"@id\":\"https:\/\/visalpin.ro\/#\/schema\/person\/07c32a6683fc824a01c4b6edefce42ee\",\"name\":\"visalpin\",\"image\":{\"@type\":\"ImageObject\",\"inLanguage\":\"ro-RO\",\"@id\":\"https:\/\/visalpin.ro\/#\/schema\/person\/image\/\",\"url\":\"https:\/\/secure.gravatar.com\/avatar\/70e3b840b053414e248589d188a35f5a?s=96&d=mm&r=g\",\"contentUrl\":\"https:\/\/secure.gravatar.com\/avatar\/70e3b840b053414e248589d188a35f5a?s=96&d=mm&r=g\",\"caption\":\"visalpin\"},\"sameAs\":[\"https:\/\/visalpin.ro\"]}]}<\/script>\n<!-- \/ Yoast SEO plugin. -->","yoast_head_json":{"title":"Masivul \u015fi Vf. Vl\u0103deasa - 1836 m - Pensiunea Vis Alpin Belis","robots":{"index":"index","follow":"follow","max-snippet":"max-snippet:-1","max-image-preview":"max-image-preview:large","max-video-preview":"max-video-preview:-1"},"canonical":"https:\/\/visalpin.ro\/index.php\/2015\/08\/22\/vf-vladeasa\/","og_locale":"ro_RO","og_type":"article","og_title":"Masivul \u015fi Vf. Vl\u0103deasa - 1836 m - Pensiunea Vis Alpin Belis","og_description":"Masivul Vl\u0103deasa, parte a Carpa\u0163ilor Occidentali,se extinde c\u0103tre nord p\u00e2n\u0103 la r\u00e2ul\u00a0Cri\u0219ul Repede. La sud sunt desp\u0103r\u021bi\u021bi de\u00a0Mun\u021bii Bihor\u00a0de o limit\u0103 format\u0103 de Cri\u0219ul Pietros \u2013 P\u00e2r\u00e2ul Boga \u2013 \u0218aua Cuciulat \u2013 Valea R\u0103chi\u021bele. Spre vest limita c\u0103tre\u00a0Mun\u021bii P\u0103durea Craiului\u00a0este Valea Iadei, iar spre est sunt m\u0103rgini\u021bi de culmile situate la est de Valea S\u0103cuieului...","og_url":"https:\/\/visalpin.ro\/index.php\/2015\/08\/22\/vf-vladeasa\/","og_site_name":"Pensiunea Vis Alpin Belis","article_publisher":"https:\/\/www.facebook.com\/pensiunebelis.ro","article_published_time":"2015-08-22T09:45:59+00:00","article_modified_time":"2022-12-20T16:11:10+00:00","og_image":[{"width":770,"height":346,"url":"https:\/\/visalpin.ro\/wp-content\/uploads\/2020\/05\/127-1.jpg","type":"image\/jpeg"}],"author":"visalpin","twitter_card":"summary_large_image","twitter_creator":"@vis_alpin","twitter_site":"@vis_alpin","twitter_misc":{"Scris de":"visalpin","Timp estimat pentru citire":"1 minut"},"schema":{"@context":"https:\/\/schema.org","@graph":[{"@type":"Article","@id":"https:\/\/visalpin.ro\/index.php\/2015\/08\/22\/vf-vladeasa\/#article","isPartOf":{"@id":"https:\/\/visalpin.ro\/index.php\/2015\/08\/22\/vf-vladeasa\/"},"author":{"name":"visalpin","@id":"https:\/\/visalpin.ro\/#\/schema\/person\/07c32a6683fc824a01c4b6edefce42ee"},"headline":"Masivul \u015fi Vf. Vl\u0103deasa - 1836 m","datePublished":"2015-08-22T09:45:59+00:00","dateModified":"2022-12-20T16:11:10+00:00","mainEntityOfPage":{"@id":"https:\/\/visalpin.ro\/index.php\/2015\/08\/22\/vf-vladeasa\/"},"wordCount":257,"publisher":{"@id":"https:\/\/visalpin.ro\/#organization"},"image":{"@id":"https:\/\/visalpin.ro\/index.php\/2015\/08\/22\/vf-vladeasa\/#primaryimage"},"thumbnailUrl":"https:\/\/visalpin.ro\/wp-content\/uploads\/2020\/05\/127-1.jpg","articleSection":["Atractii"],"inLanguage":"ro-RO"},{"@type":"WebPage","@id":"https:\/\/visalpin.ro\/index.php\/2015\/08\/22\/vf-vladeasa\/","url":"https:\/\/visalpin.ro\/index.php\/2015\/08\/22\/vf-vladeasa\/","name":"Masivul \u015fi Vf. Vl\u0103deasa - 1836 m - Pensiunea Vis Alpin Belis","isPartOf":{"@id":"https:\/\/visalpin.ro\/#website"},"primaryImageOfPage":{"@id":"https:\/\/visalpin.ro\/index.php\/2015\/08\/22\/vf-vladeasa\/#primaryimage"},"image":{"@id":"https:\/\/visalpin.ro\/index.php\/2015\/08\/22\/vf-vladeasa\/#primaryimage"},"thumbnailUrl":"https:\/\/visalpin.ro\/wp-content\/uploads\/2020\/05\/127-1.jpg","datePublished":"2015-08-22T09:45:59+00:00","dateModified":"2022-12-20T16:11:10+00:00","breadcrumb":{"@id":"https:\/\/visalpin.ro\/index.php\/2015\/08\/22\/vf-vladeasa\/#breadcrumb"},"inLanguage":"ro-RO","potentialAction":[{"@type":"ReadAction","target":["https:\/\/visalpin.ro\/index.php\/2015\/08\/22\/vf-vladeasa\/"]}]},{"@type":"ImageObject","inLanguage":"ro-RO","@id":"https:\/\/visalpin.ro\/index.php\/2015\/08\/22\/vf-vladeasa\/#primaryimage","url":"https:\/\/visalpin.ro\/wp-content\/uploads\/2020\/05\/127-1.jpg","contentUrl":"https:\/\/visalpin.ro\/wp-content\/uploads\/2020\/05\/127-1.jpg","width":770,"height":346},{"@type":"BreadcrumbList","@id":"https:\/\/visalpin.ro\/index.php\/2015\/08\/22\/vf-vladeasa\/#breadcrumb","itemListElement":[{"@type":"ListItem","position":1,"name":"Prima pagin\u0103","item":"https:\/\/visalpin.ro\/"},{"@type":"ListItem","position":2,"name":"Masivul \u015fi Vf. Vl\u0103deasa &#8211; 1836 m"}]},{"@type":"WebSite","@id":"https:\/\/visalpin.ro\/#website","url":"https:\/\/visalpin.ro\/","name":"Pensiunea Vis Alpin Belis","description":"","publisher":{"@id":"https:\/\/visalpin.ro\/#organization"},"potentialAction":[{"@type":"SearchAction","target":{"@type":"EntryPoint","urlTemplate":"https:\/\/visalpin.ro\/?s={search_term_string}"},"query-input":{"@type":"PropertyValueSpecification","valueRequired":true,"valueName":"search_term_string"}}],"inLanguage":"ro-RO"},{"@type":"Organization","@id":"https:\/\/visalpin.ro\/#organization","name":"Pensiunea Vis Alpin Belis","url":"https:\/\/visalpin.ro\/","logo":{"@type":"ImageObject","inLanguage":"ro-RO","@id":"https:\/\/visalpin.ro\/#\/schema\/logo\/image\/","url":"https:\/\/visalpin.ro\/wp-content\/uploads\/2020\/05\/logo-pensiunea-alpin-c9_Vis-BT2-antet.png","contentUrl":"https:\/\/visalpin.ro\/wp-content\/uploads\/2020\/05\/logo-pensiunea-alpin-c9_Vis-BT2-antet.png","width":3308,"height":1437,"caption":"Pensiunea Vis Alpin Belis"},"image":{"@id":"https:\/\/visalpin.ro\/#\/schema\/logo\/image\/"},"sameAs":["https:\/\/www.facebook.com\/pensiunebelis.ro","https:\/\/x.com\/vis_alpin","https:\/\/www.instagram.com\/vis.alpin\/","https:\/\/www.youtube.com\/channel\/UC9ww565y7GPfXiIYRwDR1Nw"]},{"@type":"Person","@id":"https:\/\/visalpin.ro\/#\/schema\/person\/07c32a6683fc824a01c4b6edefce42ee","name":"visalpin","image":{"@type":"ImageObject","inLanguage":"ro-RO","@id":"https:\/\/visalpin.ro\/#\/schema\/person\/image\/","url":"https:\/\/secure.gravatar.com\/avatar\/70e3b840b053414e248589d188a35f5a?s=96&d=mm&r=g","contentUrl":"https:\/\/secure.gravatar.com\/avatar\/70e3b840b053414e248589d188a35f5a?s=96&d=mm&r=g","caption":"visalpin"},"sameAs":["https:\/\/visalpin.ro"]}]}},"_links":{"self":[{"href":"https:\/\/visalpin.ro\/index.php\/wp-json\/wp\/v2\/posts\/3567"}],"collection":[{"href":"https:\/\/visalpin.ro\/index.php\/wp-json\/wp\/v2\/posts"}],"about":[{"href":"https:\/\/visalpin.ro\/index.php\/wp-json\/wp\/v2\/types\/post"}],"author":[{"embeddable":true,"href":"https:\/\/visalpin.ro\/index.php\/wp-json\/wp\/v2\/users\/1"}],"replies":[{"embeddable":true,"href":"https:\/\/visalpin.ro\/index.php\/wp-json\/wp\/v2\/comments?post=3567"}],"version-history":[{"count":1,"href":"https:\/\/visalpin.ro\/index.php\/wp-json\/wp\/v2\/posts\/3567\/revisions"}],"predecessor-version":[{"id":4561,"href":"https:\/\/visalpin.ro\/index.php\/wp-json\/wp\/v2\/posts\/3567\/revisions\/4561"}],"wp:featuredmedia":[{"embeddable":true,"href":"https:\/\/visalpin.ro\/index.php\/wp-json\/wp\/v2\/media\/2918"}],"wp:attachment":[{"href":"https:\/\/visalpin.ro\/index.php\/wp-json\/wp\/v2\/media?parent=3567"}],"wp:term":[{"taxonomy":"category","embeddable":true,"href":"https:\/\/visalpin.ro\/index.php\/wp-json\/wp\/v2\/categories?post=3567"},{"taxonomy":"post_tag","embeddable":true,"href":"https:\/\/visalpin.ro\/index.php\/wp-json\/wp\/v2\/tags?post=3567"}],"curies":[{"name":"wp","href":"https:\/\/api.w.org\/{rel}","templated":true}]}}