{"id":3559,"date":"2017-08-22T09:50:22","date_gmt":"2017-08-22T09:50:22","guid":{"rendered":"http:\/\/staging.visalpin.ro\/index.php\/2017\/08\/22\/vanatoarea\/"},"modified":"2022-12-20T16:11:10","modified_gmt":"2022-12-20T16:11:10","slug":"vanatoarea","status":"publish","type":"post","link":"https:\/\/visalpin.ro\/index.php\/2017\/08\/22\/vanatoarea\/","title":{"rendered":"Vanatoarea"},"content":{"rendered":"<p class=\"p1\"><span class=\"s1\">V\u00e2n\u0103toarea nu este doar un sport sau un hobby. V\u00e2n\u0103toarea \u00eenseamn\u0103 pasiunea \u0219i dorin\u021ba de a sim\u021bi natura, de a petrece timp \u00een aer liber \u0219i de a respira aer curat. \u00censeamn\u0103 s\u0103 \u0219tii s\u0103 admiri seme\u021bia mun\u021bilor \u0219i a codrilor, s\u0103 \u00ee\u021bi plac\u0103 s\u0103 te pierzi \u00een imensitatea apelor \u0219i s\u0103 te delectezi cu c\u00e2mpurile coapte mirosind a s\u00e2nziene.<span class=\"Apple-converted-space\">\u00a0 \u00a0<\/span><\/span><\/p>\n<p class=\"p1\"><span class=\"s1\">V\u00e2n\u0103toarea \u00eenseamn\u0103 totodat\u0103 s\u0103 ai curaj \u0219i pricepere. Pentru cei pasiona\u021bi de v\u00e2n\u0103toare sau pentru aceia care \u00eenc\u0103 nu au \u00eencercat acest sport \u0219i vor s\u0103 vad\u0103 cum este, pensiunea Vis Alpin v\u0103 pune la dispozi\u021bie toate facilit\u0103\u021bile de care ave\u021bi nevoie pentru a va bucura de o astfel de experien\u021b\u0103. Odat\u0103 ce sezonul este deschis, al\u0103turi de oameni instrui\u021bi \u0219i pasiona\u021bi de v\u00e2n\u0103toare, va invit\u0103m s\u0103 descoperi\u021bi tainele acestui sport. Odat\u0103 ce i-ai descoperit misterele, va deveni cu siguran\u021b\u0103 un hobby c\u0103ruia nu \u00eei ve\u021bi putea rezista. V\u00e2n\u0103toarea este un sport de echip\u0103, astfel \u00eenc\u00e2t ce ar fi v\u00e2n\u0103toarea f\u0103r\u0103 o echip\u0103 de c\u00e2ini de v\u00e2n\u0103toare care s\u0103 ajute la c\u0103utarea pradei? G\u0103sirea cerbilor, a mistre\u021bilor sau a ur\u0219ilor va fi foarte u\u0219oar\u0103 dac\u0103 ve\u021bi fi ajuta\u021bi de c\u00e2inii no\u0219tri experimenta\u021bi.\u00a0<\/span><\/p>\n<p class=\"p2\"><span class=\"s1\"><span class=\"Apple-converted-space\">\u00a0\u00a0 <\/span>Pentru foarte mul\u021bi dintre v\u00e2n\u0103tori este cu mult mai important ce anume \u0219i cum anume v\u00e2neaz\u0103, dec\u00e2t cantitatea pe care o v\u00e2neaz\u0103. Adev\u0103rata satisfac\u021bie v\u00e2n\u0103toreasc\u0103 vine pentru ace\u0219tia de la modul sportiv \u0219i elegant \u00een care dob\u00e2ndesc v\u00e2natul, nicidecum de la cantitatea de v\u00e2nat. Este o activitate foarte relaxanta pe care f\u0103r\u0103 dar \u0219i poate nu trebuie s\u0103 o rata\u021bi.\u00a0<\/span><\/p>\n","protected":false},"excerpt":{"rendered":"<p>V\u00e2n\u0103toarea nu este doar un sport sau un hobby. V\u00e2n\u0103toarea \u00eenseamn\u0103 pasiunea \u0219i dorin\u021ba de a sim\u021bi natura, de a petrece timp \u00een aer liber \u0219i de a respira aer curat. \u00censeamn\u0103 s\u0103 \u0219tii s\u0103 admiri seme\u021bia mun\u021bilor \u0219i a codrilor, s\u0103 \u00ee\u021bi plac\u0103 s\u0103 te pierzi \u00een imensitatea apelor \u0219i s\u0103 te delectezi cu...<\/p>\n","protected":false},"author":1,"featured_media":3330,"comment_status":"closed","ping_status":"closed","sticky":false,"template":"","format":"standard","meta":{"footnotes":""},"categories":[7],"tags":[],"class_list":["post-3559","post","type-post","status-publish","format-standard","has-post-thumbnail","hentry","category-activitati"],"yoast_head":"<!-- This site is optimized with the Yoast SEO plugin v25.3.1 - https:\/\/yoast.com\/wordpress\/plugins\/seo\/ -->\n<title>Vanatoarea - Pensiunea Vis Alpin Belis<\/title>\n<meta name=\"robots\" content=\"index, follow, max-snippet:-1, max-image-preview:large, max-video-preview:-1\" \/>\n<link rel=\"canonical\" href=\"https:\/\/visalpin.ro\/index.php\/2017\/08\/22\/vanatoarea\/\" \/>\n<meta property=\"og:locale\" content=\"ro_RO\" \/>\n<meta property=\"og:type\" content=\"article\" \/>\n<meta property=\"og:title\" content=\"Vanatoarea - Pensiunea Vis Alpin Belis\" \/>\n<meta property=\"og:description\" content=\"V\u00e2n\u0103toarea nu este doar un sport sau un hobby. V\u00e2n\u0103toarea \u00eenseamn\u0103 pasiunea \u0219i dorin\u021ba de a sim\u021bi natura, de a petrece timp \u00een aer liber \u0219i de a respira aer curat. \u00censeamn\u0103 s\u0103 \u0219tii s\u0103 admiri seme\u021bia mun\u021bilor \u0219i a codrilor, s\u0103 \u00ee\u021bi plac\u0103 s\u0103 te pierzi \u00een imensitatea apelor \u0219i s\u0103 te delectezi cu...\" \/>\n<meta property=\"og:url\" content=\"https:\/\/visalpin.ro\/index.php\/2017\/08\/22\/vanatoarea\/\" \/>\n<meta property=\"og:site_name\" content=\"Pensiunea Vis Alpin Belis\" \/>\n<meta property=\"article:publisher\" content=\"https:\/\/www.facebook.com\/pensiunebelis.ro\" \/>\n<meta property=\"article:published_time\" content=\"2017-08-22T09:50:22+00:00\" \/>\n<meta property=\"article:modified_time\" content=\"2022-12-20T16:11:10+00:00\" \/>\n<meta property=\"og:image\" content=\"https:\/\/visalpin.ro\/wp-content\/uploads\/2020\/05\/vanatoare1.jpg\" \/>\n\t<meta property=\"og:image:width\" content=\"1920\" \/>\n\t<meta property=\"og:image:height\" content=\"1435\" \/>\n\t<meta property=\"og:image:type\" content=\"image\/jpeg\" \/>\n<meta name=\"author\" content=\"visalpin\" \/>\n<meta name=\"twitter:card\" content=\"summary_large_image\" \/>\n<meta name=\"twitter:creator\" content=\"@vis_alpin\" \/>\n<meta name=\"twitter:site\" content=\"@vis_alpin\" \/>\n<meta name=\"twitter:label1\" content=\"Scris de\" \/>\n\t<meta name=\"twitter:data1\" content=\"visalpin\" \/>\n\t<meta name=\"twitter:label2\" content=\"Timp estimat pentru citire\" \/>\n\t<meta name=\"twitter:data2\" content=\"2 minute\" \/>\n<script type=\"application\/ld+json\" class=\"yoast-schema-graph\">{\"@context\":\"https:\/\/schema.org\",\"@graph\":[{\"@type\":\"Article\",\"@id\":\"https:\/\/visalpin.ro\/index.php\/2017\/08\/22\/vanatoarea\/#article\",\"isPartOf\":{\"@id\":\"https:\/\/visalpin.ro\/index.php\/2017\/08\/22\/vanatoarea\/\"},\"author\":{\"name\":\"visalpin\",\"@id\":\"https:\/\/visalpin.ro\/#\/schema\/person\/07c32a6683fc824a01c4b6edefce42ee\"},\"headline\":\"Vanatoarea\",\"datePublished\":\"2017-08-22T09:50:22+00:00\",\"dateModified\":\"2022-12-20T16:11:10+00:00\",\"mainEntityOfPage\":{\"@id\":\"https:\/\/visalpin.ro\/index.php\/2017\/08\/22\/vanatoarea\/\"},\"wordCount\":315,\"publisher\":{\"@id\":\"https:\/\/visalpin.ro\/#organization\"},\"image\":{\"@id\":\"https:\/\/visalpin.ro\/index.php\/2017\/08\/22\/vanatoarea\/#primaryimage\"},\"thumbnailUrl\":\"https:\/\/visalpin.ro\/wp-content\/uploads\/2020\/05\/vanatoare1.jpg\",\"articleSection\":[\"Activitati\"],\"inLanguage\":\"ro-RO\"},{\"@type\":\"WebPage\",\"@id\":\"https:\/\/visalpin.ro\/index.php\/2017\/08\/22\/vanatoarea\/\",\"url\":\"https:\/\/visalpin.ro\/index.php\/2017\/08\/22\/vanatoarea\/\",\"name\":\"Vanatoarea - Pensiunea Vis Alpin Belis\",\"isPartOf\":{\"@id\":\"https:\/\/visalpin.ro\/#website\"},\"primaryImageOfPage\":{\"@id\":\"https:\/\/visalpin.ro\/index.php\/2017\/08\/22\/vanatoarea\/#primaryimage\"},\"image\":{\"@id\":\"https:\/\/visalpin.ro\/index.php\/2017\/08\/22\/vanatoarea\/#primaryimage\"},\"thumbnailUrl\":\"https:\/\/visalpin.ro\/wp-content\/uploads\/2020\/05\/vanatoare1.jpg\",\"datePublished\":\"2017-08-22T09:50:22+00:00\",\"dateModified\":\"2022-12-20T16:11:10+00:00\",\"breadcrumb\":{\"@id\":\"https:\/\/visalpin.ro\/index.php\/2017\/08\/22\/vanatoarea\/#breadcrumb\"},\"inLanguage\":\"ro-RO\",\"potentialAction\":[{\"@type\":\"ReadAction\",\"target\":[\"https:\/\/visalpin.ro\/index.php\/2017\/08\/22\/vanatoarea\/\"]}]},{\"@type\":\"ImageObject\",\"inLanguage\":\"ro-RO\",\"@id\":\"https:\/\/visalpin.ro\/index.php\/2017\/08\/22\/vanatoarea\/#primaryimage\",\"url\":\"https:\/\/visalpin.ro\/wp-content\/uploads\/2020\/05\/vanatoare1.jpg\",\"contentUrl\":\"https:\/\/visalpin.ro\/wp-content\/uploads\/2020\/05\/vanatoare1.jpg\",\"width\":1920,\"height\":1435},{\"@type\":\"BreadcrumbList\",\"@id\":\"https:\/\/visalpin.ro\/index.php\/2017\/08\/22\/vanatoarea\/#breadcrumb\",\"itemListElement\":[{\"@type\":\"ListItem\",\"position\":1,\"name\":\"Prima pagin\u0103\",\"item\":\"https:\/\/visalpin.ro\/\"},{\"@type\":\"ListItem\",\"position\":2,\"name\":\"Vanatoarea\"}]},{\"@type\":\"WebSite\",\"@id\":\"https:\/\/visalpin.ro\/#website\",\"url\":\"https:\/\/visalpin.ro\/\",\"name\":\"Pensiunea Vis Alpin Belis\",\"description\":\"\",\"publisher\":{\"@id\":\"https:\/\/visalpin.ro\/#organization\"},\"potentialAction\":[{\"@type\":\"SearchAction\",\"target\":{\"@type\":\"EntryPoint\",\"urlTemplate\":\"https:\/\/visalpin.ro\/?s={search_term_string}\"},\"query-input\":{\"@type\":\"PropertyValueSpecification\",\"valueRequired\":true,\"valueName\":\"search_term_string\"}}],\"inLanguage\":\"ro-RO\"},{\"@type\":\"Organization\",\"@id\":\"https:\/\/visalpin.ro\/#organization\",\"name\":\"Pensiunea Vis Alpin Belis\",\"url\":\"https:\/\/visalpin.ro\/\",\"logo\":{\"@type\":\"ImageObject\",\"inLanguage\":\"ro-RO\",\"@id\":\"https:\/\/visalpin.ro\/#\/schema\/logo\/image\/\",\"url\":\"https:\/\/visalpin.ro\/wp-content\/uploads\/2020\/05\/logo-pensiunea-alpin-c9_Vis-BT2-antet.png\",\"contentUrl\":\"https:\/\/visalpin.ro\/wp-content\/uploads\/2020\/05\/logo-pensiunea-alpin-c9_Vis-BT2-antet.png\",\"width\":3308,\"height\":1437,\"caption\":\"Pensiunea Vis Alpin Belis\"},\"image\":{\"@id\":\"https:\/\/visalpin.ro\/#\/schema\/logo\/image\/\"},\"sameAs\":[\"https:\/\/www.facebook.com\/pensiunebelis.ro\",\"https:\/\/x.com\/vis_alpin\",\"https:\/\/www.instagram.com\/vis.alpin\/\",\"https:\/\/www.youtube.com\/channel\/UC9ww565y7GPfXiIYRwDR1Nw\"]},{\"@type\":\"Person\",\"@id\":\"https:\/\/visalpin.ro\/#\/schema\/person\/07c32a6683fc824a01c4b6edefce42ee\",\"name\":\"visalpin\",\"image\":{\"@type\":\"ImageObject\",\"inLanguage\":\"ro-RO\",\"@id\":\"https:\/\/visalpin.ro\/#\/schema\/person\/image\/\",\"url\":\"https:\/\/secure.gravatar.com\/avatar\/70e3b840b053414e248589d188a35f5a?s=96&d=mm&r=g\",\"contentUrl\":\"https:\/\/secure.gravatar.com\/avatar\/70e3b840b053414e248589d188a35f5a?s=96&d=mm&r=g\",\"caption\":\"visalpin\"},\"sameAs\":[\"https:\/\/visalpin.ro\"]}]}<\/script>\n<!-- \/ Yoast SEO plugin. -->","yoast_head_json":{"title":"Vanatoarea - Pensiunea Vis Alpin Belis","robots":{"index":"index","follow":"follow","max-snippet":"max-snippet:-1","max-image-preview":"max-image-preview:large","max-video-preview":"max-video-preview:-1"},"canonical":"https:\/\/visalpin.ro\/index.php\/2017\/08\/22\/vanatoarea\/","og_locale":"ro_RO","og_type":"article","og_title":"Vanatoarea - Pensiunea Vis Alpin Belis","og_description":"V\u00e2n\u0103toarea nu este doar un sport sau un hobby. V\u00e2n\u0103toarea \u00eenseamn\u0103 pasiunea \u0219i dorin\u021ba de a sim\u021bi natura, de a petrece timp \u00een aer liber \u0219i de a respira aer curat. \u00censeamn\u0103 s\u0103 \u0219tii s\u0103 admiri seme\u021bia mun\u021bilor \u0219i a codrilor, s\u0103 \u00ee\u021bi plac\u0103 s\u0103 te pierzi \u00een imensitatea apelor \u0219i s\u0103 te delectezi cu...","og_url":"https:\/\/visalpin.ro\/index.php\/2017\/08\/22\/vanatoarea\/","og_site_name":"Pensiunea Vis Alpin Belis","article_publisher":"https:\/\/www.facebook.com\/pensiunebelis.ro","article_published_time":"2017-08-22T09:50:22+00:00","article_modified_time":"2022-12-20T16:11:10+00:00","og_image":[{"width":1920,"height":1435,"url":"https:\/\/visalpin.ro\/wp-content\/uploads\/2020\/05\/vanatoare1.jpg","type":"image\/jpeg"}],"author":"visalpin","twitter_card":"summary_large_image","twitter_creator":"@vis_alpin","twitter_site":"@vis_alpin","twitter_misc":{"Scris de":"visalpin","Timp estimat pentru citire":"2 minute"},"schema":{"@context":"https:\/\/schema.org","@graph":[{"@type":"Article","@id":"https:\/\/visalpin.ro\/index.php\/2017\/08\/22\/vanatoarea\/#article","isPartOf":{"@id":"https:\/\/visalpin.ro\/index.php\/2017\/08\/22\/vanatoarea\/"},"author":{"name":"visalpin","@id":"https:\/\/visalpin.ro\/#\/schema\/person\/07c32a6683fc824a01c4b6edefce42ee"},"headline":"Vanatoarea","datePublished":"2017-08-22T09:50:22+00:00","dateModified":"2022-12-20T16:11:10+00:00","mainEntityOfPage":{"@id":"https:\/\/visalpin.ro\/index.php\/2017\/08\/22\/vanatoarea\/"},"wordCount":315,"publisher":{"@id":"https:\/\/visalpin.ro\/#organization"},"image":{"@id":"https:\/\/visalpin.ro\/index.php\/2017\/08\/22\/vanatoarea\/#primaryimage"},"thumbnailUrl":"https:\/\/visalpin.ro\/wp-content\/uploads\/2020\/05\/vanatoare1.jpg","articleSection":["Activitati"],"inLanguage":"ro-RO"},{"@type":"WebPage","@id":"https:\/\/visalpin.ro\/index.php\/2017\/08\/22\/vanatoarea\/","url":"https:\/\/visalpin.ro\/index.php\/2017\/08\/22\/vanatoarea\/","name":"Vanatoarea - Pensiunea Vis Alpin Belis","isPartOf":{"@id":"https:\/\/visalpin.ro\/#website"},"primaryImageOfPage":{"@id":"https:\/\/visalpin.ro\/index.php\/2017\/08\/22\/vanatoarea\/#primaryimage"},"image":{"@id":"https:\/\/visalpin.ro\/index.php\/2017\/08\/22\/vanatoarea\/#primaryimage"},"thumbnailUrl":"https:\/\/visalpin.ro\/wp-content\/uploads\/2020\/05\/vanatoare1.jpg","datePublished":"2017-08-22T09:50:22+00:00","dateModified":"2022-12-20T16:11:10+00:00","breadcrumb":{"@id":"https:\/\/visalpin.ro\/index.php\/2017\/08\/22\/vanatoarea\/#breadcrumb"},"inLanguage":"ro-RO","potentialAction":[{"@type":"ReadAction","target":["https:\/\/visalpin.ro\/index.php\/2017\/08\/22\/vanatoarea\/"]}]},{"@type":"ImageObject","inLanguage":"ro-RO","@id":"https:\/\/visalpin.ro\/index.php\/2017\/08\/22\/vanatoarea\/#primaryimage","url":"https:\/\/visalpin.ro\/wp-content\/uploads\/2020\/05\/vanatoare1.jpg","contentUrl":"https:\/\/visalpin.ro\/wp-content\/uploads\/2020\/05\/vanatoare1.jpg","width":1920,"height":1435},{"@type":"BreadcrumbList","@id":"https:\/\/visalpin.ro\/index.php\/2017\/08\/22\/vanatoarea\/#breadcrumb","itemListElement":[{"@type":"ListItem","position":1,"name":"Prima pagin\u0103","item":"https:\/\/visalpin.ro\/"},{"@type":"ListItem","position":2,"name":"Vanatoarea"}]},{"@type":"WebSite","@id":"https:\/\/visalpin.ro\/#website","url":"https:\/\/visalpin.ro\/","name":"Pensiunea Vis Alpin Belis","description":"","publisher":{"@id":"https:\/\/visalpin.ro\/#organization"},"potentialAction":[{"@type":"SearchAction","target":{"@type":"EntryPoint","urlTemplate":"https:\/\/visalpin.ro\/?s={search_term_string}"},"query-input":{"@type":"PropertyValueSpecification","valueRequired":true,"valueName":"search_term_string"}}],"inLanguage":"ro-RO"},{"@type":"Organization","@id":"https:\/\/visalpin.ro\/#organization","name":"Pensiunea Vis Alpin Belis","url":"https:\/\/visalpin.ro\/","logo":{"@type":"ImageObject","inLanguage":"ro-RO","@id":"https:\/\/visalpin.ro\/#\/schema\/logo\/image\/","url":"https:\/\/visalpin.ro\/wp-content\/uploads\/2020\/05\/logo-pensiunea-alpin-c9_Vis-BT2-antet.png","contentUrl":"https:\/\/visalpin.ro\/wp-content\/uploads\/2020\/05\/logo-pensiunea-alpin-c9_Vis-BT2-antet.png","width":3308,"height":1437,"caption":"Pensiunea Vis Alpin Belis"},"image":{"@id":"https:\/\/visalpin.ro\/#\/schema\/logo\/image\/"},"sameAs":["https:\/\/www.facebook.com\/pensiunebelis.ro","https:\/\/x.com\/vis_alpin","https:\/\/www.instagram.com\/vis.alpin\/","https:\/\/www.youtube.com\/channel\/UC9ww565y7GPfXiIYRwDR1Nw"]},{"@type":"Person","@id":"https:\/\/visalpin.ro\/#\/schema\/person\/07c32a6683fc824a01c4b6edefce42ee","name":"visalpin","image":{"@type":"ImageObject","inLanguage":"ro-RO","@id":"https:\/\/visalpin.ro\/#\/schema\/person\/image\/","url":"https:\/\/secure.gravatar.com\/avatar\/70e3b840b053414e248589d188a35f5a?s=96&d=mm&r=g","contentUrl":"https:\/\/secure.gravatar.com\/avatar\/70e3b840b053414e248589d188a35f5a?s=96&d=mm&r=g","caption":"visalpin"},"sameAs":["https:\/\/visalpin.ro"]}]}},"_links":{"self":[{"href":"https:\/\/visalpin.ro\/index.php\/wp-json\/wp\/v2\/posts\/3559"}],"collection":[{"href":"https:\/\/visalpin.ro\/index.php\/wp-json\/wp\/v2\/posts"}],"about":[{"href":"https:\/\/visalpin.ro\/index.php\/wp-json\/wp\/v2\/types\/post"}],"author":[{"embeddable":true,"href":"https:\/\/visalpin.ro\/index.php\/wp-json\/wp\/v2\/users\/1"}],"replies":[{"embeddable":true,"href":"https:\/\/visalpin.ro\/index.php\/wp-json\/wp\/v2\/comments?post=3559"}],"version-history":[{"count":1,"href":"https:\/\/visalpin.ro\/index.php\/wp-json\/wp\/v2\/posts\/3559\/revisions"}],"predecessor-version":[{"id":4558,"href":"https:\/\/visalpin.ro\/index.php\/wp-json\/wp\/v2\/posts\/3559\/revisions\/4558"}],"wp:featuredmedia":[{"embeddable":true,"href":"https:\/\/visalpin.ro\/index.php\/wp-json\/wp\/v2\/media\/3330"}],"wp:attachment":[{"href":"https:\/\/visalpin.ro\/index.php\/wp-json\/wp\/v2\/media?parent=3559"}],"wp:term":[{"taxonomy":"category","embeddable":true,"href":"https:\/\/visalpin.ro\/index.php\/wp-json\/wp\/v2\/categories?post=3559"},{"taxonomy":"post_tag","embeddable":true,"href":"https:\/\/visalpin.ro\/index.php\/wp-json\/wp\/v2\/tags?post=3559"}],"curies":[{"name":"wp","href":"https:\/\/api.w.org\/{rel}","templated":true}]}}